{"id":5481,"date":"2016-09-22T10:34:15","date_gmt":"2016-09-22T08:34:15","guid":{"rendered":"https:\/\/label-design.es\/sanjose\/tribunal-justicia-la-union-europea-iguala-la-indemnizacion-temporales-e-indefinidos\/"},"modified":"2020-02-07T12:40:06","modified_gmt":"2020-02-07T11:40:06","slug":"tribunal-justicia-la-union-europea-iguala-la-indemnizacion-temporales-e-indefinidos","status":"publish","type":"post","link":"https:\/\/sanjoseabogados.com\/en\/tribunal-justicia-la-union-europea-iguala-la-indemnizacion-temporales-e-indefinidos\/","title":{"rendered":"El Tribunal de Justicia de la Uni\u00f3n Europea iguala la indemnizaci\u00f3n de temporales e indefinidos"},"content":{"rendered":"<p>El <strong>TSJUE<\/strong> sostiene en su Sentencia que no hay motivos para que la indemnizaci\u00f3n por extinci\u00f3n de un contrato laboral\u00a0de un trabajador con un contrato <strong>temporal<\/strong>, se calcule de manera diferente a la indemnizaci\u00f3n \u00a0de un <strong>trabajador indefinido.<\/strong><\/p>\n<p>En Espa\u00f1a, a los primeros les corresponden 12 d\u00edas por a\u00f1o trabajado, mientras que los segundos perciben 20 d\u00edas por a\u00f1o trabajado.<\/p>\n<p>La resoluci\u00f3n judicial puede abrir la puerta a muchos trabajadores que se hayan visto afectados por una norma que el TSJUE considera contraria a Derecho, y en todo caso deber\u00eda suponer la modificaci\u00f3n de los art\u00edculos que establecen tal diferencia, para adaptar la normativa en vigor a la interpretaci\u00f3n llevada a cabo por el TSJUE.<\/p>\n<p>&nbsp;<\/p>\n","protected":false},"excerpt":{"rendered":"<p>El TSJUE sostiene en su Sentencia que no hay motivos para que la indemnizaci\u00f3n por extinci\u00f3n de un contrato laboral\u00a0de un trabajador con un contrato temporal, se calcule de manera diferente a la indemnizaci\u00f3n \u00a0de un trabajador indefinido.\t\t\t\t\t\t<\/p>\n","protected":false},"author":1,"featured_media":0,"comment_status":"closed","ping_status":"closed","sticky":false,"template":"","format":"standard","meta":{"footnotes":""},"categories":[423],"tags":[539,540,541],"class_list":["post-5481","post","type-post","status-publish","format-standard","hentry","category-noticia-en","tag-contrato-temporal-en","tag-indefinido-en","tag-laboral-en"],"yoast_head":"<!-- This site is optimized with the Yoast SEO plugin v27.4 - https:\/\/yoast.com\/product\/yoast-seo-wordpress\/ -->\n<title>El Tribunal de Justicia de la Uni\u00f3n Europea iguala la indemnizaci\u00f3n de temporales e indefinidos - Despacho Abogados San Jose<\/title>\n<meta name=\"robots\" content=\"index, follow, max-snippet:-1, max-image-preview:large, max-video-preview:-1\" \/>\n<link rel=\"canonical\" href=\"https:\/\/sanjoseabogados.com\/en\/tribunal-justicia-la-union-europea-iguala-la-indemnizacion-temporales-e-indefinidos\/\" \/>\n<meta property=\"og:locale\" content=\"en_US\" \/>\n<meta property=\"og:type\" content=\"article\" \/>\n<meta property=\"og:title\" content=\"El Tribunal de Justicia de la Uni\u00f3n Europea iguala la indemnizaci\u00f3n de temporales e indefinidos - Despacho Abogados San Jose\" \/>\n<meta property=\"og:description\" content=\"El TSJUE sostiene en su Sentencia que no hay motivos para que la indemnizaci\u00f3n por extinci\u00f3n de un contrato laboral\u00a0de un trabajador con un contrato temporal, se calcule de manera diferente a la indemnizaci\u00f3n \u00a0de un trabajador indefinido.\" \/>\n<meta property=\"og:url\" content=\"https:\/\/sanjoseabogados.com\/en\/tribunal-justicia-la-union-europea-iguala-la-indemnizacion-temporales-e-indefinidos\/\" \/>\n<meta property=\"og:site_name\" content=\"Despacho Abogados San Jose\" \/>\n<meta property=\"article:published_time\" content=\"2016-09-22T08:34:15+00:00\" \/>\n<meta property=\"article:modified_time\" content=\"2020-02-07T11:40:06+00:00\" \/>\n<meta name=\"author\" content=\"San Jose Abogados\" \/>\n<meta name=\"twitter:card\" content=\"summary_large_image\" \/>\n<meta name=\"twitter:label1\" content=\"Written by\" \/>\n\t<meta name=\"twitter:data1\" content=\"San Jose Abogados\" \/>\n\t<meta name=\"twitter:label2\" content=\"Est. reading time\" \/>\n\t<meta name=\"twitter:data2\" content=\"1 minute\" \/>\n<script type=\"application\/ld+json\" class=\"yoast-schema-graph\">{\"@context\":\"https:\\\/\\\/schema.org\",\"@graph\":[{\"@type\":\"Article\",\"@id\":\"https:\\\/\\\/sanjoseabogados.com\\\/en\\\/tribunal-justicia-la-union-europea-iguala-la-indemnizacion-temporales-e-indefinidos\\\/#article\",\"isPartOf\":{\"@id\":\"https:\\\/\\\/sanjoseabogados.com\\\/en\\\/tribunal-justicia-la-union-europea-iguala-la-indemnizacion-temporales-e-indefinidos\\\/\"},\"author\":{\"name\":\"San Jose Abogados\",\"@id\":\"https:\\\/\\\/sanjoseabogados.com\\\/en\\\/#\\\/schema\\\/person\\\/9598f83ebb435fbe592f66dd5d3f7c6d\"},\"headline\":\"El Tribunal de Justicia de la Uni\u00f3n Europea iguala la indemnizaci\u00f3n de temporales e indefinidos\",\"datePublished\":\"2016-09-22T08:34:15+00:00\",\"dateModified\":\"2020-02-07T11:40:06+00:00\",\"mainEntityOfPage\":{\"@id\":\"https:\\\/\\\/sanjoseabogados.com\\\/en\\\/tribunal-justicia-la-union-europea-iguala-la-indemnizacion-temporales-e-indefinidos\\\/\"},\"wordCount\":145,\"keywords\":[\"contrato temporal\",\"indefinido\",\"laboral\"],\"articleSection\":[\"3. Noticias\"],\"inLanguage\":\"en-US\"},{\"@type\":\"WebPage\",\"@id\":\"https:\\\/\\\/sanjoseabogados.com\\\/en\\\/tribunal-justicia-la-union-europea-iguala-la-indemnizacion-temporales-e-indefinidos\\\/\",\"url\":\"https:\\\/\\\/sanjoseabogados.com\\\/en\\\/tribunal-justicia-la-union-europea-iguala-la-indemnizacion-temporales-e-indefinidos\\\/\",\"name\":\"El Tribunal de Justicia de la Uni\u00f3n Europea iguala la indemnizaci\u00f3n de temporales e indefinidos - Despacho Abogados San Jose\",\"isPartOf\":{\"@id\":\"https:\\\/\\\/sanjoseabogados.com\\\/en\\\/#website\"},\"datePublished\":\"2016-09-22T08:34:15+00:00\",\"dateModified\":\"2020-02-07T11:40:06+00:00\",\"author\":{\"@id\":\"https:\\\/\\\/sanjoseabogados.com\\\/en\\\/#\\\/schema\\\/person\\\/9598f83ebb435fbe592f66dd5d3f7c6d\"},\"breadcrumb\":{\"@id\":\"https:\\\/\\\/sanjoseabogados.com\\\/en\\\/tribunal-justicia-la-union-europea-iguala-la-indemnizacion-temporales-e-indefinidos\\\/#breadcrumb\"},\"inLanguage\":\"en-US\",\"potentialAction\":[{\"@type\":\"ReadAction\",\"target\":[\"https:\\\/\\\/sanjoseabogados.com\\\/en\\\/tribunal-justicia-la-union-europea-iguala-la-indemnizacion-temporales-e-indefinidos\\\/\"]}]},{\"@type\":\"BreadcrumbList\",\"@id\":\"https:\\\/\\\/sanjoseabogados.com\\\/en\\\/tribunal-justicia-la-union-europea-iguala-la-indemnizacion-temporales-e-indefinidos\\\/#breadcrumb\",\"itemListElement\":[{\"@type\":\"ListItem\",\"position\":1,\"name\":\"Portada\",\"item\":\"https:\\\/\\\/sanjoseabogados.com\\\/en\\\/\"},{\"@type\":\"ListItem\",\"position\":2,\"name\":\"El Tribunal de Justicia de la Uni\u00f3n Europea iguala la indemnizaci\u00f3n de temporales e indefinidos\"}]},{\"@type\":\"WebSite\",\"@id\":\"https:\\\/\\\/sanjoseabogados.com\\\/en\\\/#website\",\"url\":\"https:\\\/\\\/sanjoseabogados.com\\\/en\\\/\",\"name\":\"Despacho Abogados San Jose\",\"description\":\"Despacho abogados en Bilbao\",\"potentialAction\":[{\"@type\":\"SearchAction\",\"target\":{\"@type\":\"EntryPoint\",\"urlTemplate\":\"https:\\\/\\\/sanjoseabogados.com\\\/en\\\/?s={search_term_string}\"},\"query-input\":{\"@type\":\"PropertyValueSpecification\",\"valueRequired\":true,\"valueName\":\"search_term_string\"}}],\"inLanguage\":\"en-US\"},{\"@type\":\"Person\",\"@id\":\"https:\\\/\\\/sanjoseabogados.com\\\/en\\\/#\\\/schema\\\/person\\\/9598f83ebb435fbe592f66dd5d3f7c6d\",\"name\":\"San Jose Abogados\",\"image\":{\"@type\":\"ImageObject\",\"inLanguage\":\"en-US\",\"@id\":\"https:\\\/\\\/secure.gravatar.com\\\/avatar\\\/426c26975de8e4468f967881881cf37d598c65f2818563162b0fada43d69a5fc?s=96&d=mm&r=g\",\"url\":\"https:\\\/\\\/secure.gravatar.com\\\/avatar\\\/426c26975de8e4468f967881881cf37d598c65f2818563162b0fada43d69a5fc?s=96&d=mm&r=g\",\"contentUrl\":\"https:\\\/\\\/secure.gravatar.com\\\/avatar\\\/426c26975de8e4468f967881881cf37d598c65f2818563162b0fada43d69a5fc?s=96&d=mm&r=g\",\"caption\":\"San Jose Abogados\"},\"url\":\"https:\\\/\\\/sanjoseabogados.com\\\/en\\\/author\\\/san-jose-abogados\\\/\"}]}<\/script>\n<!-- \/ Yoast SEO plugin. -->","yoast_head_json":{"title":"El Tribunal de Justicia de la Uni\u00f3n Europea iguala la indemnizaci\u00f3n de temporales e indefinidos - Despacho Abogados San Jose","robots":{"index":"index","follow":"follow","max-snippet":"max-snippet:-1","max-image-preview":"max-image-preview:large","max-video-preview":"max-video-preview:-1"},"canonical":"https:\/\/sanjoseabogados.com\/en\/tribunal-justicia-la-union-europea-iguala-la-indemnizacion-temporales-e-indefinidos\/","og_locale":"en_US","og_type":"article","og_title":"El Tribunal de Justicia de la Uni\u00f3n Europea iguala la indemnizaci\u00f3n de temporales e indefinidos - Despacho Abogados San Jose","og_description":"El TSJUE sostiene en su Sentencia que no hay motivos para que la indemnizaci\u00f3n por extinci\u00f3n de un contrato laboral\u00a0de un trabajador con un contrato temporal, se calcule de manera diferente a la indemnizaci\u00f3n \u00a0de un trabajador indefinido.","og_url":"https:\/\/sanjoseabogados.com\/en\/tribunal-justicia-la-union-europea-iguala-la-indemnizacion-temporales-e-indefinidos\/","og_site_name":"Despacho Abogados San Jose","article_published_time":"2016-09-22T08:34:15+00:00","article_modified_time":"2020-02-07T11:40:06+00:00","author":"San Jose Abogados","twitter_card":"summary_large_image","twitter_misc":{"Written by":"San Jose Abogados","Est. reading time":"1 minute"},"schema":{"@context":"https:\/\/schema.org","@graph":[{"@type":"Article","@id":"https:\/\/sanjoseabogados.com\/en\/tribunal-justicia-la-union-europea-iguala-la-indemnizacion-temporales-e-indefinidos\/#article","isPartOf":{"@id":"https:\/\/sanjoseabogados.com\/en\/tribunal-justicia-la-union-europea-iguala-la-indemnizacion-temporales-e-indefinidos\/"},"author":{"name":"San Jose Abogados","@id":"https:\/\/sanjoseabogados.com\/en\/#\/schema\/person\/9598f83ebb435fbe592f66dd5d3f7c6d"},"headline":"El Tribunal de Justicia de la Uni\u00f3n Europea iguala la indemnizaci\u00f3n de temporales e indefinidos","datePublished":"2016-09-22T08:34:15+00:00","dateModified":"2020-02-07T11:40:06+00:00","mainEntityOfPage":{"@id":"https:\/\/sanjoseabogados.com\/en\/tribunal-justicia-la-union-europea-iguala-la-indemnizacion-temporales-e-indefinidos\/"},"wordCount":145,"keywords":["contrato temporal","indefinido","laboral"],"articleSection":["3. Noticias"],"inLanguage":"en-US"},{"@type":"WebPage","@id":"https:\/\/sanjoseabogados.com\/en\/tribunal-justicia-la-union-europea-iguala-la-indemnizacion-temporales-e-indefinidos\/","url":"https:\/\/sanjoseabogados.com\/en\/tribunal-justicia-la-union-europea-iguala-la-indemnizacion-temporales-e-indefinidos\/","name":"El Tribunal de Justicia de la Uni\u00f3n Europea iguala la indemnizaci\u00f3n de temporales e indefinidos - Despacho Abogados San Jose","isPartOf":{"@id":"https:\/\/sanjoseabogados.com\/en\/#website"},"datePublished":"2016-09-22T08:34:15+00:00","dateModified":"2020-02-07T11:40:06+00:00","author":{"@id":"https:\/\/sanjoseabogados.com\/en\/#\/schema\/person\/9598f83ebb435fbe592f66dd5d3f7c6d"},"breadcrumb":{"@id":"https:\/\/sanjoseabogados.com\/en\/tribunal-justicia-la-union-europea-iguala-la-indemnizacion-temporales-e-indefinidos\/#breadcrumb"},"inLanguage":"en-US","potentialAction":[{"@type":"ReadAction","target":["https:\/\/sanjoseabogados.com\/en\/tribunal-justicia-la-union-europea-iguala-la-indemnizacion-temporales-e-indefinidos\/"]}]},{"@type":"BreadcrumbList","@id":"https:\/\/sanjoseabogados.com\/en\/tribunal-justicia-la-union-europea-iguala-la-indemnizacion-temporales-e-indefinidos\/#breadcrumb","itemListElement":[{"@type":"ListItem","position":1,"name":"Portada","item":"https:\/\/sanjoseabogados.com\/en\/"},{"@type":"ListItem","position":2,"name":"El Tribunal de Justicia de la Uni\u00f3n Europea iguala la indemnizaci\u00f3n de temporales e indefinidos"}]},{"@type":"WebSite","@id":"https:\/\/sanjoseabogados.com\/en\/#website","url":"https:\/\/sanjoseabogados.com\/en\/","name":"Despacho Abogados San Jose","description":"Despacho abogados en Bilbao","potentialAction":[{"@type":"SearchAction","target":{"@type":"EntryPoint","urlTemplate":"https:\/\/sanjoseabogados.com\/en\/?s={search_term_string}"},"query-input":{"@type":"PropertyValueSpecification","valueRequired":true,"valueName":"search_term_string"}}],"inLanguage":"en-US"},{"@type":"Person","@id":"https:\/\/sanjoseabogados.com\/en\/#\/schema\/person\/9598f83ebb435fbe592f66dd5d3f7c6d","name":"San Jose Abogados","image":{"@type":"ImageObject","inLanguage":"en-US","@id":"https:\/\/secure.gravatar.com\/avatar\/426c26975de8e4468f967881881cf37d598c65f2818563162b0fada43d69a5fc?s=96&d=mm&r=g","url":"https:\/\/secure.gravatar.com\/avatar\/426c26975de8e4468f967881881cf37d598c65f2818563162b0fada43d69a5fc?s=96&d=mm&r=g","contentUrl":"https:\/\/secure.gravatar.com\/avatar\/426c26975de8e4468f967881881cf37d598c65f2818563162b0fada43d69a5fc?s=96&d=mm&r=g","caption":"San Jose Abogados"},"url":"https:\/\/sanjoseabogados.com\/en\/author\/san-jose-abogados\/"}]}},"_links":{"self":[{"href":"https:\/\/sanjoseabogados.com\/en\/wp-json\/wp\/v2\/posts\/5481","targetHints":{"allow":["GET"]}}],"collection":[{"href":"https:\/\/sanjoseabogados.com\/en\/wp-json\/wp\/v2\/posts"}],"about":[{"href":"https:\/\/sanjoseabogados.com\/en\/wp-json\/wp\/v2\/types\/post"}],"author":[{"embeddable":true,"href":"https:\/\/sanjoseabogados.com\/en\/wp-json\/wp\/v2\/users\/1"}],"replies":[{"embeddable":true,"href":"https:\/\/sanjoseabogados.com\/en\/wp-json\/wp\/v2\/comments?post=5481"}],"version-history":[{"count":1,"href":"https:\/\/sanjoseabogados.com\/en\/wp-json\/wp\/v2\/posts\/5481\/revisions"}],"predecessor-version":[{"id":5482,"href":"https:\/\/sanjoseabogados.com\/en\/wp-json\/wp\/v2\/posts\/5481\/revisions\/5482"}],"wp:attachment":[{"href":"https:\/\/sanjoseabogados.com\/en\/wp-json\/wp\/v2\/media?parent=5481"}],"wp:term":[{"taxonomy":"category","embeddable":true,"href":"https:\/\/sanjoseabogados.com\/en\/wp-json\/wp\/v2\/categories?post=5481"},{"taxonomy":"post_tag","embeddable":true,"href":"https:\/\/sanjoseabogados.com\/en\/wp-json\/wp\/v2\/tags?post=5481"}],"curies":[{"name":"wp","href":"https:\/\/api.w.org\/{rel}","templated":true}]}}