{"id":5680,"date":"2015-03-04T16:00:36","date_gmt":"2015-03-04T15:00:36","guid":{"rendered":"https:\/\/label-design.es\/sanjose\/curso-de-derecho-de-familia\/"},"modified":"2020-05-02T12:24:31","modified_gmt":"2020-05-02T10:24:31","slug":"curso-de-derecho-de-familia","status":"publish","type":"post","link":"https:\/\/sanjoseabogados.com\/en\/curso-de-derecho-de-familia\/","title":{"rendered":"Curso de Derecho de Familia Internacional"},"content":{"rendered":"<p><strong>San Jos\u00e9 Abogados<\/strong>\u00a0imparte estos d\u00edas en el Colegio de Abogados de Vizcaya el M\u00f3dulo V del Curso de Especialista en Derecho de Familia: <em>Derecho de Familia Internacional\u00a0<\/em>en\u00a0 colaboraci\u00f3n con el Catedr\u00e1tico de Derecho Internacional Privado de la Universidad P\u00fablica del Pa\u00eds Vasco, Juan Jose \u00c1lvarez Rubio, y con el profesor de Derecho Internacional Privado de la Universidad de Deusto, Jorge Blanco L\u00f3pez.<\/p>\n","protected":false},"excerpt":{"rendered":"<p>San Jos\u00e9 Abogados\u00a0imparte estos d\u00edas en el Colegio de Abogados de Vizcaya el M\u00f3dulo V del Curso de Especialista en Derecho de Familia:\t\t\t\t\t\t<\/p>\n","protected":false},"author":1,"featured_media":0,"comment_status":"closed","ping_status":"closed","sticky":false,"template":"","format":"standard","meta":{"footnotes":""},"categories":[487],"tags":[616,617],"class_list":["post-5680","post","type-post","status-publish","format-standard","hentry","category-novedades-cursos-e","tag-colegio-abogados-en","tag-derecho-familia-en"],"yoast_head":"<!-- This site is optimized with the Yoast SEO plugin v27.4 - https:\/\/yoast.com\/product\/yoast-seo-wordpress\/ -->\n<title>Curso de Derecho de Familia<\/title>\n<meta name=\"description\" content=\"Marta Casado, de San Jos\u00e9 Abogados, imparte un curso de Derecho de Familia en el Colegio de Abogados de Vizcaya\" \/>\n<meta name=\"robots\" content=\"index, follow, max-snippet:-1, max-image-preview:large, max-video-preview:-1\" \/>\n<link rel=\"canonical\" href=\"https:\/\/sanjoseabogados.com\/en\/curso-de-derecho-de-familia\/\" \/>\n<meta property=\"og:locale\" content=\"en_US\" \/>\n<meta property=\"og:type\" content=\"article\" \/>\n<meta property=\"og:title\" content=\"Curso de Derecho de Familia\" \/>\n<meta property=\"og:description\" content=\"Marta Casado, de San Jos\u00e9 Abogados, imparte un curso de Derecho de Familia en el Colegio de Abogados de Vizcaya\" \/>\n<meta property=\"og:url\" content=\"https:\/\/sanjoseabogados.com\/en\/curso-de-derecho-de-familia\/\" \/>\n<meta property=\"og:site_name\" content=\"Despacho Abogados San Jose\" \/>\n<meta property=\"article:published_time\" content=\"2015-03-04T15:00:36+00:00\" \/>\n<meta property=\"article:modified_time\" content=\"2020-05-02T10:24:31+00:00\" \/>\n<meta name=\"author\" content=\"San Jose Abogados\" \/>\n<meta name=\"twitter:card\" content=\"summary_large_image\" \/>\n<meta name=\"twitter:label1\" content=\"Written by\" \/>\n\t<meta name=\"twitter:data1\" content=\"San Jose Abogados\" \/>\n<script type=\"application\/ld+json\" class=\"yoast-schema-graph\">{\"@context\":\"https:\\\/\\\/schema.org\",\"@graph\":[{\"@type\":\"Article\",\"@id\":\"https:\\\/\\\/sanjoseabogados.com\\\/en\\\/curso-de-derecho-de-familia\\\/#article\",\"isPartOf\":{\"@id\":\"https:\\\/\\\/sanjoseabogados.com\\\/en\\\/curso-de-derecho-de-familia\\\/\"},\"author\":{\"name\":\"San Jose Abogados\",\"@id\":\"https:\\\/\\\/sanjoseabogados.com\\\/en\\\/#\\\/schema\\\/person\\\/9598f83ebb435fbe592f66dd5d3f7c6d\"},\"headline\":\"Curso de Derecho de Familia Internacional\",\"datePublished\":\"2015-03-04T15:00:36+00:00\",\"dateModified\":\"2020-05-02T10:24:31+00:00\",\"mainEntityOfPage\":{\"@id\":\"https:\\\/\\\/sanjoseabogados.com\\\/en\\\/curso-de-derecho-de-familia\\\/\"},\"wordCount\":77,\"keywords\":[\"colegio abogados\",\"derecho familia\"],\"articleSection\":[\"5. Cursos\"],\"inLanguage\":\"en-US\"},{\"@type\":\"WebPage\",\"@id\":\"https:\\\/\\\/sanjoseabogados.com\\\/en\\\/curso-de-derecho-de-familia\\\/\",\"url\":\"https:\\\/\\\/sanjoseabogados.com\\\/en\\\/curso-de-derecho-de-familia\\\/\",\"name\":\"Curso de Derecho de Familia\",\"isPartOf\":{\"@id\":\"https:\\\/\\\/sanjoseabogados.com\\\/en\\\/#website\"},\"datePublished\":\"2015-03-04T15:00:36+00:00\",\"dateModified\":\"2020-05-02T10:24:31+00:00\",\"author\":{\"@id\":\"https:\\\/\\\/sanjoseabogados.com\\\/en\\\/#\\\/schema\\\/person\\\/9598f83ebb435fbe592f66dd5d3f7c6d\"},\"description\":\"Marta Casado, de San Jos\u00e9 Abogados, imparte un curso de Derecho de Familia en el Colegio de Abogados de Vizcaya\",\"breadcrumb\":{\"@id\":\"https:\\\/\\\/sanjoseabogados.com\\\/en\\\/curso-de-derecho-de-familia\\\/#breadcrumb\"},\"inLanguage\":\"en-US\",\"potentialAction\":[{\"@type\":\"ReadAction\",\"target\":[\"https:\\\/\\\/sanjoseabogados.com\\\/en\\\/curso-de-derecho-de-familia\\\/\"]}]},{\"@type\":\"BreadcrumbList\",\"@id\":\"https:\\\/\\\/sanjoseabogados.com\\\/en\\\/curso-de-derecho-de-familia\\\/#breadcrumb\",\"itemListElement\":[{\"@type\":\"ListItem\",\"position\":1,\"name\":\"Portada\",\"item\":\"https:\\\/\\\/sanjoseabogados.com\\\/en\\\/\"},{\"@type\":\"ListItem\",\"position\":2,\"name\":\"Curso de Derecho de Familia Internacional\"}]},{\"@type\":\"WebSite\",\"@id\":\"https:\\\/\\\/sanjoseabogados.com\\\/en\\\/#website\",\"url\":\"https:\\\/\\\/sanjoseabogados.com\\\/en\\\/\",\"name\":\"Despacho Abogados San Jose\",\"description\":\"Despacho abogados en Bilbao\",\"potentialAction\":[{\"@type\":\"SearchAction\",\"target\":{\"@type\":\"EntryPoint\",\"urlTemplate\":\"https:\\\/\\\/sanjoseabogados.com\\\/en\\\/?s={search_term_string}\"},\"query-input\":{\"@type\":\"PropertyValueSpecification\",\"valueRequired\":true,\"valueName\":\"search_term_string\"}}],\"inLanguage\":\"en-US\"},{\"@type\":\"Person\",\"@id\":\"https:\\\/\\\/sanjoseabogados.com\\\/en\\\/#\\\/schema\\\/person\\\/9598f83ebb435fbe592f66dd5d3f7c6d\",\"name\":\"San Jose Abogados\",\"image\":{\"@type\":\"ImageObject\",\"inLanguage\":\"en-US\",\"@id\":\"https:\\\/\\\/secure.gravatar.com\\\/avatar\\\/426c26975de8e4468f967881881cf37d598c65f2818563162b0fada43d69a5fc?s=96&d=mm&r=g\",\"url\":\"https:\\\/\\\/secure.gravatar.com\\\/avatar\\\/426c26975de8e4468f967881881cf37d598c65f2818563162b0fada43d69a5fc?s=96&d=mm&r=g\",\"contentUrl\":\"https:\\\/\\\/secure.gravatar.com\\\/avatar\\\/426c26975de8e4468f967881881cf37d598c65f2818563162b0fada43d69a5fc?s=96&d=mm&r=g\",\"caption\":\"San Jose Abogados\"},\"url\":\"https:\\\/\\\/sanjoseabogados.com\\\/en\\\/author\\\/san-jose-abogados\\\/\"}]}<\/script>\n<!-- \/ Yoast SEO plugin. -->","yoast_head_json":{"title":"Curso de Derecho de Familia","description":"Marta Casado, de San Jos\u00e9 Abogados, imparte un curso de Derecho de Familia en el Colegio de Abogados de Vizcaya","robots":{"index":"index","follow":"follow","max-snippet":"max-snippet:-1","max-image-preview":"max-image-preview:large","max-video-preview":"max-video-preview:-1"},"canonical":"https:\/\/sanjoseabogados.com\/en\/curso-de-derecho-de-familia\/","og_locale":"en_US","og_type":"article","og_title":"Curso de Derecho de Familia","og_description":"Marta Casado, de San Jos\u00e9 Abogados, imparte un curso de Derecho de Familia en el Colegio de Abogados de Vizcaya","og_url":"https:\/\/sanjoseabogados.com\/en\/curso-de-derecho-de-familia\/","og_site_name":"Despacho Abogados San Jose","article_published_time":"2015-03-04T15:00:36+00:00","article_modified_time":"2020-05-02T10:24:31+00:00","author":"San Jose Abogados","twitter_card":"summary_large_image","twitter_misc":{"Written by":"San Jose Abogados"},"schema":{"@context":"https:\/\/schema.org","@graph":[{"@type":"Article","@id":"https:\/\/sanjoseabogados.com\/en\/curso-de-derecho-de-familia\/#article","isPartOf":{"@id":"https:\/\/sanjoseabogados.com\/en\/curso-de-derecho-de-familia\/"},"author":{"name":"San Jose Abogados","@id":"https:\/\/sanjoseabogados.com\/en\/#\/schema\/person\/9598f83ebb435fbe592f66dd5d3f7c6d"},"headline":"Curso de Derecho de Familia Internacional","datePublished":"2015-03-04T15:00:36+00:00","dateModified":"2020-05-02T10:24:31+00:00","mainEntityOfPage":{"@id":"https:\/\/sanjoseabogados.com\/en\/curso-de-derecho-de-familia\/"},"wordCount":77,"keywords":["colegio abogados","derecho familia"],"articleSection":["5. Cursos"],"inLanguage":"en-US"},{"@type":"WebPage","@id":"https:\/\/sanjoseabogados.com\/en\/curso-de-derecho-de-familia\/","url":"https:\/\/sanjoseabogados.com\/en\/curso-de-derecho-de-familia\/","name":"Curso de Derecho de Familia","isPartOf":{"@id":"https:\/\/sanjoseabogados.com\/en\/#website"},"datePublished":"2015-03-04T15:00:36+00:00","dateModified":"2020-05-02T10:24:31+00:00","author":{"@id":"https:\/\/sanjoseabogados.com\/en\/#\/schema\/person\/9598f83ebb435fbe592f66dd5d3f7c6d"},"description":"Marta Casado, de San Jos\u00e9 Abogados, imparte un curso de Derecho de Familia en el Colegio de Abogados de Vizcaya","breadcrumb":{"@id":"https:\/\/sanjoseabogados.com\/en\/curso-de-derecho-de-familia\/#breadcrumb"},"inLanguage":"en-US","potentialAction":[{"@type":"ReadAction","target":["https:\/\/sanjoseabogados.com\/en\/curso-de-derecho-de-familia\/"]}]},{"@type":"BreadcrumbList","@id":"https:\/\/sanjoseabogados.com\/en\/curso-de-derecho-de-familia\/#breadcrumb","itemListElement":[{"@type":"ListItem","position":1,"name":"Portada","item":"https:\/\/sanjoseabogados.com\/en\/"},{"@type":"ListItem","position":2,"name":"Curso de Derecho de Familia Internacional"}]},{"@type":"WebSite","@id":"https:\/\/sanjoseabogados.com\/en\/#website","url":"https:\/\/sanjoseabogados.com\/en\/","name":"Despacho Abogados San Jose","description":"Despacho abogados en Bilbao","potentialAction":[{"@type":"SearchAction","target":{"@type":"EntryPoint","urlTemplate":"https:\/\/sanjoseabogados.com\/en\/?s={search_term_string}"},"query-input":{"@type":"PropertyValueSpecification","valueRequired":true,"valueName":"search_term_string"}}],"inLanguage":"en-US"},{"@type":"Person","@id":"https:\/\/sanjoseabogados.com\/en\/#\/schema\/person\/9598f83ebb435fbe592f66dd5d3f7c6d","name":"San Jose Abogados","image":{"@type":"ImageObject","inLanguage":"en-US","@id":"https:\/\/secure.gravatar.com\/avatar\/426c26975de8e4468f967881881cf37d598c65f2818563162b0fada43d69a5fc?s=96&d=mm&r=g","url":"https:\/\/secure.gravatar.com\/avatar\/426c26975de8e4468f967881881cf37d598c65f2818563162b0fada43d69a5fc?s=96&d=mm&r=g","contentUrl":"https:\/\/secure.gravatar.com\/avatar\/426c26975de8e4468f967881881cf37d598c65f2818563162b0fada43d69a5fc?s=96&d=mm&r=g","caption":"San Jose Abogados"},"url":"https:\/\/sanjoseabogados.com\/en\/author\/san-jose-abogados\/"}]}},"_links":{"self":[{"href":"https:\/\/sanjoseabogados.com\/en\/wp-json\/wp\/v2\/posts\/5680","targetHints":{"allow":["GET"]}}],"collection":[{"href":"https:\/\/sanjoseabogados.com\/en\/wp-json\/wp\/v2\/posts"}],"about":[{"href":"https:\/\/sanjoseabogados.com\/en\/wp-json\/wp\/v2\/types\/post"}],"author":[{"embeddable":true,"href":"https:\/\/sanjoseabogados.com\/en\/wp-json\/wp\/v2\/users\/1"}],"replies":[{"embeddable":true,"href":"https:\/\/sanjoseabogados.com\/en\/wp-json\/wp\/v2\/comments?post=5680"}],"version-history":[{"count":1,"href":"https:\/\/sanjoseabogados.com\/en\/wp-json\/wp\/v2\/posts\/5680\/revisions"}],"predecessor-version":[{"id":7275,"href":"https:\/\/sanjoseabogados.com\/en\/wp-json\/wp\/v2\/posts\/5680\/revisions\/7275"}],"wp:attachment":[{"href":"https:\/\/sanjoseabogados.com\/en\/wp-json\/wp\/v2\/media?parent=5680"}],"wp:term":[{"taxonomy":"category","embeddable":true,"href":"https:\/\/sanjoseabogados.com\/en\/wp-json\/wp\/v2\/categories?post=5680"},{"taxonomy":"post_tag","embeddable":true,"href":"https:\/\/sanjoseabogados.com\/en\/wp-json\/wp\/v2\/tags?post=5680"}],"curies":[{"name":"wp","href":"https:\/\/api.w.org\/{rel}","templated":true}]}}