{"id":5722,"date":"2014-11-19T15:51:39","date_gmt":"2014-11-19T15:51:39","guid":{"rendered":"https:\/\/label-design.es\/sanjose\/declaracion-de-la-renta-2014\/"},"modified":"2014-11-19T15:51:39","modified_gmt":"2014-11-19T15:51:39","slug":"declaracion-de-la-renta-2014","status":"publish","type":"post","link":"https:\/\/sanjoseabogados.com\/en\/declaracion-de-la-renta-2014\/","title":{"rendered":"DECLARACI\u00d3N DE LA RENTA 2014"},"content":{"rendered":"<p>Como todos los a\u00f1os, nuestro Asesor Fiscal, <a title=\"i\u00f1aki garc\u00e9s\" href=\"http:\/\/sanjoseabogados.com\/abogados\/inakigarcessuarez\/\">I\u00f1aki Garc\u00e9s<\/a>, miembro de <strong>San Jos\u00e9 Abogados<\/strong>, se pone a vuestra disposici\u00f3n para llevar a cabo aquellas operaciones que os permitan reducir el impacto fiscal en la declaraci\u00f3n de la renta de 2014.<\/p>\n<p>En unos d\u00edas recibir\u00e9is la <a href=\"https:\/\/label-design.es\/sanjose\/wp-content\/uploads\/2014\/11\/circular.pdf\">circular<\/a> que ha elaborado, y os invitamos\u00a0a llamar al Despacho para\u00a0resolver cualquier cuesti\u00f3n al respecto.<\/p>\n","protected":false},"excerpt":{"rendered":"<p>Como todos los a\u00f1os, nuestro Asesor Fiscal, I\u00f1aki Garc\u00e9s, miembro de San Jos\u00e9 Abogados, se pone a vuestra disposici\u00f3n para llevar a cabo aquellas operaciones que os permitan reducir el impacto fiscal en la declaraci\u00f3n de la renta de 2014.\t\t\t\t\t\t<\/p>\n","protected":false},"author":1,"featured_media":0,"comment_status":"closed","ping_status":"closed","sticky":false,"template":"","format":"standard","meta":{"footnotes":""},"categories":[423],"tags":[601,632],"class_list":["post-5722","post","type-post","status-publish","format-standard","hentry","category-noticia-en","tag-declaracion-renta-2-en","tag-irpf-en"],"yoast_head":"<!-- This site is optimized with the Yoast SEO plugin v27.4 - https:\/\/yoast.com\/product\/yoast-seo-wordpress\/ -->\n<title>DECLARACI\u00d3N DE LA RENTA 2014 - Despacho Abogados San Jose<\/title>\n<meta name=\"robots\" content=\"index, follow, max-snippet:-1, max-image-preview:large, max-video-preview:-1\" \/>\n<link rel=\"canonical\" href=\"https:\/\/sanjoseabogados.com\/en\/declaracion-de-la-renta-2014\/\" \/>\n<meta property=\"og:locale\" content=\"en_US\" \/>\n<meta property=\"og:type\" content=\"article\" \/>\n<meta property=\"og:title\" content=\"DECLARACI\u00d3N DE LA RENTA 2014 - Despacho Abogados San Jose\" \/>\n<meta property=\"og:description\" content=\"Como todos los a\u00f1os, nuestro Asesor Fiscal, I\u00f1aki Garc\u00e9s, miembro de San Jos\u00e9 Abogados, se pone a vuestra disposici\u00f3n para llevar a cabo aquellas operaciones que os permitan reducir el impacto fiscal en la declaraci\u00f3n de la renta de 2014.\" \/>\n<meta property=\"og:url\" content=\"https:\/\/sanjoseabogados.com\/en\/declaracion-de-la-renta-2014\/\" \/>\n<meta property=\"og:site_name\" content=\"Despacho Abogados San Jose\" \/>\n<meta property=\"article:published_time\" content=\"2014-11-19T15:51:39+00:00\" \/>\n<meta name=\"author\" content=\"San Jose Abogados\" \/>\n<meta name=\"twitter:card\" content=\"summary_large_image\" \/>\n<meta name=\"twitter:label1\" content=\"Written by\" \/>\n\t<meta name=\"twitter:data1\" content=\"San Jose Abogados\" \/>\n<script type=\"application\/ld+json\" class=\"yoast-schema-graph\">{\"@context\":\"https:\\\/\\\/schema.org\",\"@graph\":[{\"@type\":\"Article\",\"@id\":\"https:\\\/\\\/sanjoseabogados.com\\\/en\\\/declaracion-de-la-renta-2014\\\/#article\",\"isPartOf\":{\"@id\":\"https:\\\/\\\/sanjoseabogados.com\\\/en\\\/declaracion-de-la-renta-2014\\\/\"},\"author\":{\"name\":\"San Jose Abogados\",\"@id\":\"https:\\\/\\\/sanjoseabogados.com\\\/en\\\/#\\\/schema\\\/person\\\/9598f83ebb435fbe592f66dd5d3f7c6d\"},\"headline\":\"DECLARACI\u00d3N DE LA RENTA 2014\",\"datePublished\":\"2014-11-19T15:51:39+00:00\",\"mainEntityOfPage\":{\"@id\":\"https:\\\/\\\/sanjoseabogados.com\\\/en\\\/declaracion-de-la-renta-2014\\\/\"},\"wordCount\":74,\"keywords\":[\"declaraci\u00f3n renta\",\"IRPF\"],\"articleSection\":[\"3. Noticias\"],\"inLanguage\":\"en-US\"},{\"@type\":\"WebPage\",\"@id\":\"https:\\\/\\\/sanjoseabogados.com\\\/en\\\/declaracion-de-la-renta-2014\\\/\",\"url\":\"https:\\\/\\\/sanjoseabogados.com\\\/en\\\/declaracion-de-la-renta-2014\\\/\",\"name\":\"DECLARACI\u00d3N DE LA RENTA 2014 - Despacho Abogados San Jose\",\"isPartOf\":{\"@id\":\"https:\\\/\\\/sanjoseabogados.com\\\/en\\\/#website\"},\"datePublished\":\"2014-11-19T15:51:39+00:00\",\"author\":{\"@id\":\"https:\\\/\\\/sanjoseabogados.com\\\/en\\\/#\\\/schema\\\/person\\\/9598f83ebb435fbe592f66dd5d3f7c6d\"},\"breadcrumb\":{\"@id\":\"https:\\\/\\\/sanjoseabogados.com\\\/en\\\/declaracion-de-la-renta-2014\\\/#breadcrumb\"},\"inLanguage\":\"en-US\",\"potentialAction\":[{\"@type\":\"ReadAction\",\"target\":[\"https:\\\/\\\/sanjoseabogados.com\\\/en\\\/declaracion-de-la-renta-2014\\\/\"]}]},{\"@type\":\"BreadcrumbList\",\"@id\":\"https:\\\/\\\/sanjoseabogados.com\\\/en\\\/declaracion-de-la-renta-2014\\\/#breadcrumb\",\"itemListElement\":[{\"@type\":\"ListItem\",\"position\":1,\"name\":\"Portada\",\"item\":\"https:\\\/\\\/sanjoseabogados.com\\\/en\\\/\"},{\"@type\":\"ListItem\",\"position\":2,\"name\":\"DECLARACI\u00d3N DE LA RENTA 2014\"}]},{\"@type\":\"WebSite\",\"@id\":\"https:\\\/\\\/sanjoseabogados.com\\\/en\\\/#website\",\"url\":\"https:\\\/\\\/sanjoseabogados.com\\\/en\\\/\",\"name\":\"Despacho Abogados San Jose\",\"description\":\"Despacho abogados en Bilbao\",\"potentialAction\":[{\"@type\":\"SearchAction\",\"target\":{\"@type\":\"EntryPoint\",\"urlTemplate\":\"https:\\\/\\\/sanjoseabogados.com\\\/en\\\/?s={search_term_string}\"},\"query-input\":{\"@type\":\"PropertyValueSpecification\",\"valueRequired\":true,\"valueName\":\"search_term_string\"}}],\"inLanguage\":\"en-US\"},{\"@type\":\"Person\",\"@id\":\"https:\\\/\\\/sanjoseabogados.com\\\/en\\\/#\\\/schema\\\/person\\\/9598f83ebb435fbe592f66dd5d3f7c6d\",\"name\":\"San Jose Abogados\",\"image\":{\"@type\":\"ImageObject\",\"inLanguage\":\"en-US\",\"@id\":\"https:\\\/\\\/secure.gravatar.com\\\/avatar\\\/426c26975de8e4468f967881881cf37d598c65f2818563162b0fada43d69a5fc?s=96&d=mm&r=g\",\"url\":\"https:\\\/\\\/secure.gravatar.com\\\/avatar\\\/426c26975de8e4468f967881881cf37d598c65f2818563162b0fada43d69a5fc?s=96&d=mm&r=g\",\"contentUrl\":\"https:\\\/\\\/secure.gravatar.com\\\/avatar\\\/426c26975de8e4468f967881881cf37d598c65f2818563162b0fada43d69a5fc?s=96&d=mm&r=g\",\"caption\":\"San Jose Abogados\"},\"url\":\"https:\\\/\\\/sanjoseabogados.com\\\/en\\\/author\\\/san-jose-abogados\\\/\"}]}<\/script>\n<!-- \/ Yoast SEO plugin. -->","yoast_head_json":{"title":"DECLARACI\u00d3N DE LA RENTA 2014 - Despacho Abogados San Jose","robots":{"index":"index","follow":"follow","max-snippet":"max-snippet:-1","max-image-preview":"max-image-preview:large","max-video-preview":"max-video-preview:-1"},"canonical":"https:\/\/sanjoseabogados.com\/en\/declaracion-de-la-renta-2014\/","og_locale":"en_US","og_type":"article","og_title":"DECLARACI\u00d3N DE LA RENTA 2014 - Despacho Abogados San Jose","og_description":"Como todos los a\u00f1os, nuestro Asesor Fiscal, I\u00f1aki Garc\u00e9s, miembro de San Jos\u00e9 Abogados, se pone a vuestra disposici\u00f3n para llevar a cabo aquellas operaciones que os permitan reducir el impacto fiscal en la declaraci\u00f3n de la renta de 2014.","og_url":"https:\/\/sanjoseabogados.com\/en\/declaracion-de-la-renta-2014\/","og_site_name":"Despacho Abogados San Jose","article_published_time":"2014-11-19T15:51:39+00:00","author":"San Jose Abogados","twitter_card":"summary_large_image","twitter_misc":{"Written by":"San Jose Abogados"},"schema":{"@context":"https:\/\/schema.org","@graph":[{"@type":"Article","@id":"https:\/\/sanjoseabogados.com\/en\/declaracion-de-la-renta-2014\/#article","isPartOf":{"@id":"https:\/\/sanjoseabogados.com\/en\/declaracion-de-la-renta-2014\/"},"author":{"name":"San Jose Abogados","@id":"https:\/\/sanjoseabogados.com\/en\/#\/schema\/person\/9598f83ebb435fbe592f66dd5d3f7c6d"},"headline":"DECLARACI\u00d3N DE LA RENTA 2014","datePublished":"2014-11-19T15:51:39+00:00","mainEntityOfPage":{"@id":"https:\/\/sanjoseabogados.com\/en\/declaracion-de-la-renta-2014\/"},"wordCount":74,"keywords":["declaraci\u00f3n renta","IRPF"],"articleSection":["3. Noticias"],"inLanguage":"en-US"},{"@type":"WebPage","@id":"https:\/\/sanjoseabogados.com\/en\/declaracion-de-la-renta-2014\/","url":"https:\/\/sanjoseabogados.com\/en\/declaracion-de-la-renta-2014\/","name":"DECLARACI\u00d3N DE LA RENTA 2014 - Despacho Abogados San Jose","isPartOf":{"@id":"https:\/\/sanjoseabogados.com\/en\/#website"},"datePublished":"2014-11-19T15:51:39+00:00","author":{"@id":"https:\/\/sanjoseabogados.com\/en\/#\/schema\/person\/9598f83ebb435fbe592f66dd5d3f7c6d"},"breadcrumb":{"@id":"https:\/\/sanjoseabogados.com\/en\/declaracion-de-la-renta-2014\/#breadcrumb"},"inLanguage":"en-US","potentialAction":[{"@type":"ReadAction","target":["https:\/\/sanjoseabogados.com\/en\/declaracion-de-la-renta-2014\/"]}]},{"@type":"BreadcrumbList","@id":"https:\/\/sanjoseabogados.com\/en\/declaracion-de-la-renta-2014\/#breadcrumb","itemListElement":[{"@type":"ListItem","position":1,"name":"Portada","item":"https:\/\/sanjoseabogados.com\/en\/"},{"@type":"ListItem","position":2,"name":"DECLARACI\u00d3N DE LA RENTA 2014"}]},{"@type":"WebSite","@id":"https:\/\/sanjoseabogados.com\/en\/#website","url":"https:\/\/sanjoseabogados.com\/en\/","name":"Despacho Abogados San Jose","description":"Despacho abogados en Bilbao","potentialAction":[{"@type":"SearchAction","target":{"@type":"EntryPoint","urlTemplate":"https:\/\/sanjoseabogados.com\/en\/?s={search_term_string}"},"query-input":{"@type":"PropertyValueSpecification","valueRequired":true,"valueName":"search_term_string"}}],"inLanguage":"en-US"},{"@type":"Person","@id":"https:\/\/sanjoseabogados.com\/en\/#\/schema\/person\/9598f83ebb435fbe592f66dd5d3f7c6d","name":"San Jose Abogados","image":{"@type":"ImageObject","inLanguage":"en-US","@id":"https:\/\/secure.gravatar.com\/avatar\/426c26975de8e4468f967881881cf37d598c65f2818563162b0fada43d69a5fc?s=96&d=mm&r=g","url":"https:\/\/secure.gravatar.com\/avatar\/426c26975de8e4468f967881881cf37d598c65f2818563162b0fada43d69a5fc?s=96&d=mm&r=g","contentUrl":"https:\/\/secure.gravatar.com\/avatar\/426c26975de8e4468f967881881cf37d598c65f2818563162b0fada43d69a5fc?s=96&d=mm&r=g","caption":"San Jose Abogados"},"url":"https:\/\/sanjoseabogados.com\/en\/author\/san-jose-abogados\/"}]}},"_links":{"self":[{"href":"https:\/\/sanjoseabogados.com\/en\/wp-json\/wp\/v2\/posts\/5722","targetHints":{"allow":["GET"]}}],"collection":[{"href":"https:\/\/sanjoseabogados.com\/en\/wp-json\/wp\/v2\/posts"}],"about":[{"href":"https:\/\/sanjoseabogados.com\/en\/wp-json\/wp\/v2\/types\/post"}],"author":[{"embeddable":true,"href":"https:\/\/sanjoseabogados.com\/en\/wp-json\/wp\/v2\/users\/1"}],"replies":[{"embeddable":true,"href":"https:\/\/sanjoseabogados.com\/en\/wp-json\/wp\/v2\/comments?post=5722"}],"version-history":[{"count":0,"href":"https:\/\/sanjoseabogados.com\/en\/wp-json\/wp\/v2\/posts\/5722\/revisions"}],"wp:attachment":[{"href":"https:\/\/sanjoseabogados.com\/en\/wp-json\/wp\/v2\/media?parent=5722"}],"wp:term":[{"taxonomy":"category","embeddable":true,"href":"https:\/\/sanjoseabogados.com\/en\/wp-json\/wp\/v2\/categories?post=5722"},{"taxonomy":"post_tag","embeddable":true,"href":"https:\/\/sanjoseabogados.com\/en\/wp-json\/wp\/v2\/tags?post=5722"}],"curies":[{"name":"wp","href":"https:\/\/api.w.org\/{rel}","templated":true}]}}