{"id":6030,"date":"2011-10-14T15:21:06","date_gmt":"2011-10-14T15:21:06","guid":{"rendered":"https:\/\/label-design.es\/sanjose\/el-real-decreto-ley-82011-nuevas-medidas-en-materia-economica-e-inmobiliaria\/"},"modified":"2011-10-14T15:21:06","modified_gmt":"2011-10-14T15:21:06","slug":"el-real-decreto-ley-82011-nuevas-medidas-en-materia-economica-e-inmobiliaria","status":"publish","type":"post","link":"https:\/\/sanjoseabogados.com\/en\/el-real-decreto-ley-82011-nuevas-medidas-en-materia-economica-e-inmobiliaria\/","title":{"rendered":"El Real Decreto Ley 8\/2011: nuevas medidas en materia econ\u00f3mica e inmobiliaria"},"content":{"rendered":"<p><a href=\"https:\/\/label-design.es\/sanjose\/wp-content\/uploads\/2011\/10\/Fotolia_2029726_M-115x115.jpg\"><img loading=\"lazy\" decoding=\"async\" class=\"size-full wp-image-771 alignleft\" title=\"Real Decreto Ley 8\/2011\" src=\"https:\/\/label-design.es\/sanjose\/wp-content\/uploads\/2011\/10\/Fotolia_2029726_M-115x115.jpg\" alt=\"\" width=\"115\" height=\"115\" \/><\/a> Tipo para subastas hipotecarias, rehabilitaciones, declaraciones de obra nueva, silencio administrativo\u2026 son algunas de las heterog\u00e9neas cuestiones reguladas en esta norma que entr\u00f3 en vigor el 7 de julio de 2011 y con las que se pretende incrementar la seguridad jur\u00eddica de los destinatarios \u00faltimos de las construcciones.<\/p>\n<p>Prop\u00f3sito loable que, sin embargo, choca con un texto redactado con prisas y sin una reflexi\u00f3n previa.<\/p>\n<p>Ello, sin duda, ha contribuido a generar algunas disfunciones que ser\u00e1n objeto de an\u00e1lisis en el art\u00edculo publicado por el <a class=\"wpGallery\" title=\"Real Decreto Ley 8\/2011\" href=\"http:\/\/www.periodicoconstruccion.com\/2011\/10\/el-real-decreto-ley-82011-nuevas-medidas-en-materia-economica-e-inmobiliaria\/\" target=\"_blank\" rel=\"noopener noreferrer\">Peri\u00f3dico de la Construcci\u00f3n<\/a>, cuyo autor es uno de los miembros de <strong>San Jos\u00e9 Abogados<\/strong>, <a class=\"wpGallery\" title=\"Xabier Bilbao\" href=\"http:\/\/sanjoseabogados.com\/abogados\/xabierbilbaoormazabals\" target=\"_self\" rel=\"noopener noreferrer\">Xabier Bilbao<\/a>.<\/p>\n","protected":false},"excerpt":{"rendered":"<p>Tipo para subastas hipotecarias, rehabilitaciones, declaraciones de obra nueva, silencio administrativo\u2026 son algunas de las heterog\u00e9neas cuestiones reguladas en esta norma que entr\u00f3 en vigor el 7 de julio de 2011 y con las que se pretende incrementar la seguridad jur\u00eddica de los destinatarios \u00faltimos de las construcciones.\t\t\t\t\t\t<\/p>\n","protected":false},"author":1,"featured_media":0,"comment_status":"closed","ping_status":"open","sticky":false,"template":"","format":"standard","meta":{"footnotes":""},"categories":[378,491],"tags":[738,882,500],"class_list":["post-6030","post","type-post","status-publish","format-standard","hentry","category-publicaciones-en","category-publicaciones-articulos-en","tag-derecho-inmobiliario-en","tag-real-decreto-ley-82011-en","tag-xabier-bilbao-en"],"yoast_head":"<!-- This site is optimized with the Yoast SEO plugin v27.4 - https:\/\/yoast.com\/product\/yoast-seo-wordpress\/ -->\n<title>El Real Decreto Ley 8\/2011: nuevas medidas en materia econ\u00f3mica e inmobiliaria - Despacho Abogados San Jose<\/title>\n<meta name=\"robots\" content=\"index, follow, max-snippet:-1, max-image-preview:large, max-video-preview:-1\" \/>\n<link rel=\"canonical\" href=\"https:\/\/sanjoseabogados.com\/en\/el-real-decreto-ley-82011-nuevas-medidas-en-materia-economica-e-inmobiliaria\/\" \/>\n<meta property=\"og:locale\" content=\"en_US\" \/>\n<meta property=\"og:type\" content=\"article\" \/>\n<meta property=\"og:title\" content=\"El Real Decreto Ley 8\/2011: nuevas medidas en materia econ\u00f3mica e inmobiliaria - Despacho Abogados San Jose\" \/>\n<meta property=\"og:description\" content=\"Tipo para subastas hipotecarias, rehabilitaciones, declaraciones de obra nueva, silencio administrativo\u2026 son algunas de las heterog\u00e9neas cuestiones reguladas en esta norma que entr\u00f3 en vigor el 7 de julio de 2011 y con las que se pretende incrementar la seguridad jur\u00eddica de los destinatarios \u00faltimos de las construcciones.\" \/>\n<meta property=\"og:url\" content=\"https:\/\/sanjoseabogados.com\/en\/el-real-decreto-ley-82011-nuevas-medidas-en-materia-economica-e-inmobiliaria\/\" \/>\n<meta property=\"og:site_name\" content=\"Despacho Abogados San Jose\" \/>\n<meta property=\"article:published_time\" content=\"2011-10-14T15:21:06+00:00\" \/>\n<meta property=\"og:image\" content=\"https:\/\/label-design.es\/sanjose\/wp-content\/uploads\/2011\/10\/Fotolia_2029726_M-115x115.jpg\" \/>\n<meta name=\"author\" content=\"San Jose Abogados\" \/>\n<meta name=\"twitter:card\" content=\"summary_large_image\" \/>\n<meta name=\"twitter:label1\" content=\"Written by\" \/>\n\t<meta name=\"twitter:data1\" content=\"San Jose Abogados\" \/>\n\t<meta name=\"twitter:label2\" content=\"Est. reading time\" \/>\n\t<meta name=\"twitter:data2\" content=\"1 minute\" \/>\n<script type=\"application\/ld+json\" class=\"yoast-schema-graph\">{\"@context\":\"https:\\\/\\\/schema.org\",\"@graph\":[{\"@type\":\"Article\",\"@id\":\"https:\\\/\\\/sanjoseabogados.com\\\/en\\\/el-real-decreto-ley-82011-nuevas-medidas-en-materia-economica-e-inmobiliaria\\\/#article\",\"isPartOf\":{\"@id\":\"https:\\\/\\\/sanjoseabogados.com\\\/en\\\/el-real-decreto-ley-82011-nuevas-medidas-en-materia-economica-e-inmobiliaria\\\/\"},\"author\":{\"name\":\"San Jose Abogados\",\"@id\":\"https:\\\/\\\/sanjoseabogados.com\\\/en\\\/#\\\/schema\\\/person\\\/9598f83ebb435fbe592f66dd5d3f7c6d\"},\"headline\":\"El Real Decreto Ley 8\\\/2011: nuevas medidas en materia econ\u00f3mica e inmobiliaria\",\"datePublished\":\"2011-10-14T15:21:06+00:00\",\"mainEntityOfPage\":{\"@id\":\"https:\\\/\\\/sanjoseabogados.com\\\/en\\\/el-real-decreto-ley-82011-nuevas-medidas-en-materia-economica-e-inmobiliaria\\\/\"},\"wordCount\":121,\"image\":{\"@id\":\"https:\\\/\\\/sanjoseabogados.com\\\/en\\\/el-real-decreto-ley-82011-nuevas-medidas-en-materia-economica-e-inmobiliaria\\\/#primaryimage\"},\"thumbnailUrl\":\"https:\\\/\\\/label-design.es\\\/sanjose\\\/wp-content\\\/uploads\\\/2011\\\/10\\\/Fotolia_2029726_M-115x115.jpg\",\"keywords\":[\"Derecho inmobiliario\",\"Real Decreto Ley 8\\\/2011\",\"xabier bilbao\"],\"articleSection\":[\"6. Publicaciones\",\"Art\u00edculos\"],\"inLanguage\":\"en-US\"},{\"@type\":\"WebPage\",\"@id\":\"https:\\\/\\\/sanjoseabogados.com\\\/en\\\/el-real-decreto-ley-82011-nuevas-medidas-en-materia-economica-e-inmobiliaria\\\/\",\"url\":\"https:\\\/\\\/sanjoseabogados.com\\\/en\\\/el-real-decreto-ley-82011-nuevas-medidas-en-materia-economica-e-inmobiliaria\\\/\",\"name\":\"El Real Decreto Ley 8\\\/2011: nuevas medidas en materia econ\u00f3mica e inmobiliaria - Despacho Abogados San Jose\",\"isPartOf\":{\"@id\":\"https:\\\/\\\/sanjoseabogados.com\\\/en\\\/#website\"},\"primaryImageOfPage\":{\"@id\":\"https:\\\/\\\/sanjoseabogados.com\\\/en\\\/el-real-decreto-ley-82011-nuevas-medidas-en-materia-economica-e-inmobiliaria\\\/#primaryimage\"},\"image\":{\"@id\":\"https:\\\/\\\/sanjoseabogados.com\\\/en\\\/el-real-decreto-ley-82011-nuevas-medidas-en-materia-economica-e-inmobiliaria\\\/#primaryimage\"},\"thumbnailUrl\":\"https:\\\/\\\/label-design.es\\\/sanjose\\\/wp-content\\\/uploads\\\/2011\\\/10\\\/Fotolia_2029726_M-115x115.jpg\",\"datePublished\":\"2011-10-14T15:21:06+00:00\",\"author\":{\"@id\":\"https:\\\/\\\/sanjoseabogados.com\\\/en\\\/#\\\/schema\\\/person\\\/9598f83ebb435fbe592f66dd5d3f7c6d\"},\"breadcrumb\":{\"@id\":\"https:\\\/\\\/sanjoseabogados.com\\\/en\\\/el-real-decreto-ley-82011-nuevas-medidas-en-materia-economica-e-inmobiliaria\\\/#breadcrumb\"},\"inLanguage\":\"en-US\",\"potentialAction\":[{\"@type\":\"ReadAction\",\"target\":[\"https:\\\/\\\/sanjoseabogados.com\\\/en\\\/el-real-decreto-ley-82011-nuevas-medidas-en-materia-economica-e-inmobiliaria\\\/\"]}]},{\"@type\":\"ImageObject\",\"inLanguage\":\"en-US\",\"@id\":\"https:\\\/\\\/sanjoseabogados.com\\\/en\\\/el-real-decreto-ley-82011-nuevas-medidas-en-materia-economica-e-inmobiliaria\\\/#primaryimage\",\"url\":\"https:\\\/\\\/label-design.es\\\/sanjose\\\/wp-content\\\/uploads\\\/2011\\\/10\\\/Fotolia_2029726_M-115x115.jpg\",\"contentUrl\":\"https:\\\/\\\/label-design.es\\\/sanjose\\\/wp-content\\\/uploads\\\/2011\\\/10\\\/Fotolia_2029726_M-115x115.jpg\"},{\"@type\":\"BreadcrumbList\",\"@id\":\"https:\\\/\\\/sanjoseabogados.com\\\/en\\\/el-real-decreto-ley-82011-nuevas-medidas-en-materia-economica-e-inmobiliaria\\\/#breadcrumb\",\"itemListElement\":[{\"@type\":\"ListItem\",\"position\":1,\"name\":\"Portada\",\"item\":\"https:\\\/\\\/sanjoseabogados.com\\\/en\\\/\"},{\"@type\":\"ListItem\",\"position\":2,\"name\":\"El Real Decreto Ley 8\\\/2011: nuevas medidas en materia econ\u00f3mica e inmobiliaria\"}]},{\"@type\":\"WebSite\",\"@id\":\"https:\\\/\\\/sanjoseabogados.com\\\/en\\\/#website\",\"url\":\"https:\\\/\\\/sanjoseabogados.com\\\/en\\\/\",\"name\":\"Despacho Abogados San Jose\",\"description\":\"Despacho abogados en Bilbao\",\"potentialAction\":[{\"@type\":\"SearchAction\",\"target\":{\"@type\":\"EntryPoint\",\"urlTemplate\":\"https:\\\/\\\/sanjoseabogados.com\\\/en\\\/?s={search_term_string}\"},\"query-input\":{\"@type\":\"PropertyValueSpecification\",\"valueRequired\":true,\"valueName\":\"search_term_string\"}}],\"inLanguage\":\"en-US\"},{\"@type\":\"Person\",\"@id\":\"https:\\\/\\\/sanjoseabogados.com\\\/en\\\/#\\\/schema\\\/person\\\/9598f83ebb435fbe592f66dd5d3f7c6d\",\"name\":\"San Jose Abogados\",\"image\":{\"@type\":\"ImageObject\",\"inLanguage\":\"en-US\",\"@id\":\"https:\\\/\\\/secure.gravatar.com\\\/avatar\\\/426c26975de8e4468f967881881cf37d598c65f2818563162b0fada43d69a5fc?s=96&d=mm&r=g\",\"url\":\"https:\\\/\\\/secure.gravatar.com\\\/avatar\\\/426c26975de8e4468f967881881cf37d598c65f2818563162b0fada43d69a5fc?s=96&d=mm&r=g\",\"contentUrl\":\"https:\\\/\\\/secure.gravatar.com\\\/avatar\\\/426c26975de8e4468f967881881cf37d598c65f2818563162b0fada43d69a5fc?s=96&d=mm&r=g\",\"caption\":\"San Jose Abogados\"},\"url\":\"https:\\\/\\\/sanjoseabogados.com\\\/en\\\/author\\\/san-jose-abogados\\\/\"}]}<\/script>\n<!-- \/ Yoast SEO plugin. -->","yoast_head_json":{"title":"El Real Decreto Ley 8\/2011: nuevas medidas en materia econ\u00f3mica e inmobiliaria - Despacho Abogados San Jose","robots":{"index":"index","follow":"follow","max-snippet":"max-snippet:-1","max-image-preview":"max-image-preview:large","max-video-preview":"max-video-preview:-1"},"canonical":"https:\/\/sanjoseabogados.com\/en\/el-real-decreto-ley-82011-nuevas-medidas-en-materia-economica-e-inmobiliaria\/","og_locale":"en_US","og_type":"article","og_title":"El Real Decreto Ley 8\/2011: nuevas medidas en materia econ\u00f3mica e inmobiliaria - Despacho Abogados San Jose","og_description":"Tipo para subastas hipotecarias, rehabilitaciones, declaraciones de obra nueva, silencio administrativo\u2026 son algunas de las heterog\u00e9neas cuestiones reguladas en esta norma que entr\u00f3 en vigor el 7 de julio de 2011 y con las que se pretende incrementar la seguridad jur\u00eddica de los destinatarios \u00faltimos de las construcciones.","og_url":"https:\/\/sanjoseabogados.com\/en\/el-real-decreto-ley-82011-nuevas-medidas-en-materia-economica-e-inmobiliaria\/","og_site_name":"Despacho Abogados San Jose","article_published_time":"2011-10-14T15:21:06+00:00","og_image":[{"url":"https:\/\/label-design.es\/sanjose\/wp-content\/uploads\/2011\/10\/Fotolia_2029726_M-115x115.jpg","type":"","width":"","height":""}],"author":"San Jose Abogados","twitter_card":"summary_large_image","twitter_misc":{"Written by":"San Jose Abogados","Est. reading time":"1 minute"},"schema":{"@context":"https:\/\/schema.org","@graph":[{"@type":"Article","@id":"https:\/\/sanjoseabogados.com\/en\/el-real-decreto-ley-82011-nuevas-medidas-en-materia-economica-e-inmobiliaria\/#article","isPartOf":{"@id":"https:\/\/sanjoseabogados.com\/en\/el-real-decreto-ley-82011-nuevas-medidas-en-materia-economica-e-inmobiliaria\/"},"author":{"name":"San Jose Abogados","@id":"https:\/\/sanjoseabogados.com\/en\/#\/schema\/person\/9598f83ebb435fbe592f66dd5d3f7c6d"},"headline":"El Real Decreto Ley 8\/2011: nuevas medidas en materia econ\u00f3mica e inmobiliaria","datePublished":"2011-10-14T15:21:06+00:00","mainEntityOfPage":{"@id":"https:\/\/sanjoseabogados.com\/en\/el-real-decreto-ley-82011-nuevas-medidas-en-materia-economica-e-inmobiliaria\/"},"wordCount":121,"image":{"@id":"https:\/\/sanjoseabogados.com\/en\/el-real-decreto-ley-82011-nuevas-medidas-en-materia-economica-e-inmobiliaria\/#primaryimage"},"thumbnailUrl":"https:\/\/label-design.es\/sanjose\/wp-content\/uploads\/2011\/10\/Fotolia_2029726_M-115x115.jpg","keywords":["Derecho inmobiliario","Real Decreto Ley 8\/2011","xabier bilbao"],"articleSection":["6. Publicaciones","Art\u00edculos"],"inLanguage":"en-US"},{"@type":"WebPage","@id":"https:\/\/sanjoseabogados.com\/en\/el-real-decreto-ley-82011-nuevas-medidas-en-materia-economica-e-inmobiliaria\/","url":"https:\/\/sanjoseabogados.com\/en\/el-real-decreto-ley-82011-nuevas-medidas-en-materia-economica-e-inmobiliaria\/","name":"El Real Decreto Ley 8\/2011: nuevas medidas en materia econ\u00f3mica e inmobiliaria - Despacho Abogados San Jose","isPartOf":{"@id":"https:\/\/sanjoseabogados.com\/en\/#website"},"primaryImageOfPage":{"@id":"https:\/\/sanjoseabogados.com\/en\/el-real-decreto-ley-82011-nuevas-medidas-en-materia-economica-e-inmobiliaria\/#primaryimage"},"image":{"@id":"https:\/\/sanjoseabogados.com\/en\/el-real-decreto-ley-82011-nuevas-medidas-en-materia-economica-e-inmobiliaria\/#primaryimage"},"thumbnailUrl":"https:\/\/label-design.es\/sanjose\/wp-content\/uploads\/2011\/10\/Fotolia_2029726_M-115x115.jpg","datePublished":"2011-10-14T15:21:06+00:00","author":{"@id":"https:\/\/sanjoseabogados.com\/en\/#\/schema\/person\/9598f83ebb435fbe592f66dd5d3f7c6d"},"breadcrumb":{"@id":"https:\/\/sanjoseabogados.com\/en\/el-real-decreto-ley-82011-nuevas-medidas-en-materia-economica-e-inmobiliaria\/#breadcrumb"},"inLanguage":"en-US","potentialAction":[{"@type":"ReadAction","target":["https:\/\/sanjoseabogados.com\/en\/el-real-decreto-ley-82011-nuevas-medidas-en-materia-economica-e-inmobiliaria\/"]}]},{"@type":"ImageObject","inLanguage":"en-US","@id":"https:\/\/sanjoseabogados.com\/en\/el-real-decreto-ley-82011-nuevas-medidas-en-materia-economica-e-inmobiliaria\/#primaryimage","url":"https:\/\/label-design.es\/sanjose\/wp-content\/uploads\/2011\/10\/Fotolia_2029726_M-115x115.jpg","contentUrl":"https:\/\/label-design.es\/sanjose\/wp-content\/uploads\/2011\/10\/Fotolia_2029726_M-115x115.jpg"},{"@type":"BreadcrumbList","@id":"https:\/\/sanjoseabogados.com\/en\/el-real-decreto-ley-82011-nuevas-medidas-en-materia-economica-e-inmobiliaria\/#breadcrumb","itemListElement":[{"@type":"ListItem","position":1,"name":"Portada","item":"https:\/\/sanjoseabogados.com\/en\/"},{"@type":"ListItem","position":2,"name":"El Real Decreto Ley 8\/2011: nuevas medidas en materia econ\u00f3mica e inmobiliaria"}]},{"@type":"WebSite","@id":"https:\/\/sanjoseabogados.com\/en\/#website","url":"https:\/\/sanjoseabogados.com\/en\/","name":"Despacho Abogados San Jose","description":"Despacho abogados en Bilbao","potentialAction":[{"@type":"SearchAction","target":{"@type":"EntryPoint","urlTemplate":"https:\/\/sanjoseabogados.com\/en\/?s={search_term_string}"},"query-input":{"@type":"PropertyValueSpecification","valueRequired":true,"valueName":"search_term_string"}}],"inLanguage":"en-US"},{"@type":"Person","@id":"https:\/\/sanjoseabogados.com\/en\/#\/schema\/person\/9598f83ebb435fbe592f66dd5d3f7c6d","name":"San Jose Abogados","image":{"@type":"ImageObject","inLanguage":"en-US","@id":"https:\/\/secure.gravatar.com\/avatar\/426c26975de8e4468f967881881cf37d598c65f2818563162b0fada43d69a5fc?s=96&d=mm&r=g","url":"https:\/\/secure.gravatar.com\/avatar\/426c26975de8e4468f967881881cf37d598c65f2818563162b0fada43d69a5fc?s=96&d=mm&r=g","contentUrl":"https:\/\/secure.gravatar.com\/avatar\/426c26975de8e4468f967881881cf37d598c65f2818563162b0fada43d69a5fc?s=96&d=mm&r=g","caption":"San Jose Abogados"},"url":"https:\/\/sanjoseabogados.com\/en\/author\/san-jose-abogados\/"}]}},"_links":{"self":[{"href":"https:\/\/sanjoseabogados.com\/en\/wp-json\/wp\/v2\/posts\/6030","targetHints":{"allow":["GET"]}}],"collection":[{"href":"https:\/\/sanjoseabogados.com\/en\/wp-json\/wp\/v2\/posts"}],"about":[{"href":"https:\/\/sanjoseabogados.com\/en\/wp-json\/wp\/v2\/types\/post"}],"author":[{"embeddable":true,"href":"https:\/\/sanjoseabogados.com\/en\/wp-json\/wp\/v2\/users\/1"}],"replies":[{"embeddable":true,"href":"https:\/\/sanjoseabogados.com\/en\/wp-json\/wp\/v2\/comments?post=6030"}],"version-history":[{"count":0,"href":"https:\/\/sanjoseabogados.com\/en\/wp-json\/wp\/v2\/posts\/6030\/revisions"}],"wp:attachment":[{"href":"https:\/\/sanjoseabogados.com\/en\/wp-json\/wp\/v2\/media?parent=6030"}],"wp:term":[{"taxonomy":"category","embeddable":true,"href":"https:\/\/sanjoseabogados.com\/en\/wp-json\/wp\/v2\/categories?post=6030"},{"taxonomy":"post_tag","embeddable":true,"href":"https:\/\/sanjoseabogados.com\/en\/wp-json\/wp\/v2\/tags?post=6030"}],"curies":[{"name":"wp","href":"https:\/\/api.w.org\/{rel}","templated":true}]}}