{"id":7635,"date":"2020-05-13T10:32:41","date_gmt":"2020-05-13T08:32:41","guid":{"rendered":"https:\/\/sanjoseabogados.com\/prorroga-de-los-erte\/"},"modified":"2020-05-13T10:32:41","modified_gmt":"2020-05-13T08:32:41","slug":"prorroga-de-los-erte","status":"publish","type":"post","link":"https:\/\/sanjoseabogados.com\/en\/prorroga-de-los-erte\/","title":{"rendered":"Pr\u00f3rroga de los ERTE"},"content":{"rendered":"<p><img loading=\"lazy\" decoding=\"async\" class=\"aligncenter size-portfolio wp-image-7356\" src=\"https:\/\/sanjoseabogados.com\/wp-content\/uploads\/2020\/05\/prorroga-ERTE-495x364.jpg\" alt=\"\" width=\"495\" height=\"364\" \/><\/p>\n<p>En el d\u00eda de ayer se aprob\u00f3 el <strong>Real Decreto-ley 18\/2020, de 12 de mayo<\/strong>, que permite la <strong>pr\u00f3rroga de los ERTE<\/strong> que se hab\u00edan interpuesto fruto de las medidas tomadas para luchar contra el <em>coronarvirus<\/em>, paralizando la actividad de miles de empresas.<\/p>\n<p>El Gobierno atendi\u00f3 as\u00ed la solicitud formulada desde distintos \u00e1mbitos, a fin de dar seguridad a miles de empresas y aut\u00f3nomos que se est\u00e1n viendo severamente penalizados por el confinamiento decretado para controlar la pandemia, y que necesitaban saber que, m\u00e1s all\u00e1 del fin del estado de alarma, iban a poder mantener el ERTE hasta que su actividad alcanzar\u00e1 un m\u00ednimo nivel de viablidad para afrontar el coste laboral de sus trabajadores.<\/p>\n<p>As\u00ed el <strong>Real Decreto-ley 18\/2020, de 12 de mayo<\/strong> fija que los ERTE se podr\u00e1n extender hasta el <strong>30 de junio de 2020<\/strong>, y facilita el cauce para que las empresas o aut\u00f3nomos <strong>puedan ir reincorporando paulatinamente a sus trabajadores<\/strong>, incluso mediante desafecciones parciales, de tal manera que acomoden su plantilla a las necesidades reales del momento.<\/p>\n<p>A tal fin bastar\u00e1 con comunicar a los trabajadores su reincorporaci\u00f3n al puesto de trabajo (o ampliaci\u00f3n de la jornada que hubiera sido reducida), de tal modo que esa misma comunicaci\u00f3n se adjuntar\u00e1 al expediente de regulaci\u00f3n temporal de empleo tramitado ante cada Comunidad Autonoma, y paralelamente se remitir\u00e1 un formulario al SEPE, para que dejen de abonar el desempleo a los trabajadores desafectados, a quienes ser\u00e1 preciso reactivar en la Seguridad Social. Tres tr\u00e1mites pues para la <strong>reincorporaci\u00f3n<\/strong> de los trabajadores.<\/p>\n<p>En cuanto a las <strong>cotizaciones<\/strong>, el <em>Real Decreto-ley 18\/2020, de 12 de mayo<\/em>, sigue bonificando las de aquellos empleados afectados por un ERTE de fuerza mayor, e incorpora otra bonificaci\u00f3n, esta vez referente a los trabajadores que se vayan reincorporando a la actividad:<\/p>\n<p><strong>Las empresas quedar\u00e1n exoneradas del abono de la aportaci\u00f3n empresarial a la cotizaci\u00f3n a la Seguridad Social<\/strong> y por conceptos de recaudaci\u00f3n conjunta, en los porcentajes y condiciones que se indican a continuaci\u00f3n:<\/p>\n<p><strong>a) Respecto de las personas trabajadoras que reinicien su actividad<\/strong> a partir de la fecha de efectos de la renuncia y de los periodos y porcentajes de jornada trabajados desde ese reinicio, <strong>la exenci\u00f3n alcanzar\u00e1 el 85 % de la aportaci\u00f3n empresarial devengada en mayo de 2020 y el 70 % de la aportaci\u00f3n empresarial devengada en junio de 2020<\/strong>, cuando la empresa hubiera tenido menos de cincuenta trabajadores o asimilados a los mismos en situaci\u00f3n de alta en la Seguridad Social a 29 de febrero de 2020. Si en esa fecha la empresa hubiera tenido cincuenta o m\u00e1s trabajadores o asimilados a los mismos en situaci\u00f3n de alta, <strong>la exenci\u00f3n alcanzar\u00e1 el 60 % de la aportaci\u00f3n empresarial devengada en mayo de 2020 y el 45 % de la aportaci\u00f3n empresarial<\/strong> devengada en junio de 2020.<\/p>\n<p><strong>b) Respecto de las personas trabajadoras de estas empresas que contin\u00faen con sus actividades suspendidas<\/strong> a partir de la fecha de efectos de la renuncia y de los periodos y porcentajes de jornada afectados por la suspensi\u00f3n, <strong>la exenci\u00f3n alcanzar\u00e1 el 60 % de la aportaci\u00f3n empresarial devengada en mayo de 2020 y el 45 % de la aportaci\u00f3n empresarial devengada en junio de 2020<\/strong>, cuando la empresa hubiera tenido menos de cincuenta trabajadores o asimilados a los mismos en situaci\u00f3n de alta en la Seguridad Social a 29 de febrero de 2020. Si en esa fecha la empresa hubiera tenido cincuenta o m\u00e1s trabajadores, o asimilados a los mismos, en situaci\u00f3n de alta,<strong> la exenci\u00f3n alcanzar\u00e1 el 45 % de la aportaci\u00f3n empresarial devengada en mayo de 2020 y el 30 % de la aportaci\u00f3n empresarial devengada en junio de 2020<\/strong>. En este caso, la exoneraci\u00f3n se aplicar\u00e1 al abono de la aportaci\u00f3n empresarial prevista en el art\u00edculo 273.2 del texto refundido de la Ley General de la Seguridad Social, aprobado por el Real Decreto Legislativo 8\/2015, de 30 de octubre, as\u00ed como del relativo a las cuotas por conceptos de recaudaci\u00f3n conjunta.<\/p>\n<p>Las exenciones en la cotizaci\u00f3n se aplicar\u00e1n por la Tesorer\u00eda General de la Seguridad Social <em>a instancia de la empresa<\/em>, previa comunicaci\u00f3n sobre la situaci\u00f3n de fuerza mayor total o parcial, as\u00ed como de la identificaci\u00f3n de las personas trabajadoras afectadas y periodo de la suspensi\u00f3n o reducci\u00f3n de jornada.<\/p>\n<p>Para que la exoneraci\u00f3n resulte de aplicaci\u00f3n esta comunicaci\u00f3n se realizar\u00e1, por cada c\u00f3digo de cuenta de cotizaci\u00f3n, mediante una declaraci\u00f3n responsable que deber\u00e1 presentarse, antes de que se solicite el c\u00e1lculo de la liquidaci\u00f3n de cuotas correspondiente, <em>a trav\u00e9s del Sistema de remisi\u00f3n electr\u00f3nica de datos en el \u00e1mbito de la Seguridad Social (Sistema RED), regulado en la Orden ESS\/484\/2013, de 26 de marzo.<\/em><\/p>\n<p><strong>Las exenciones en la cotizaci\u00f3n a que se refiere este art\u00edculo no tendr\u00e1n efectos para las personas trabajadoras,<\/strong> manteni\u00e9ndose la consideraci\u00f3n del per\u00edodo en que se apliquen como efectivamente cotizado a todos los efectos, sin que resulte de aplicaci\u00f3n lo establecido en el art\u00edculo 20 del texto refundido de la Ley General de la Seguridad Social.<\/p>\n<p><strong>Los empleados seguir\u00e1n percibiendo la prestaci\u00f3n durante el plazo del ERTE.<\/strong><\/p>\n<p>Podeis llamar a <strong>San Jos\u00e9 Abogados<\/strong> para informaros sobre todas estas novedades, y acogeros a las medidas establecidas por el Gobierno.<\/p>\n<p>&nbsp;<\/p>\n","protected":false},"excerpt":{"rendered":"<p>En el d\u00eda de ayer se aprob\u00f3 el Real Decreto-ley 18\/2020, de 12 de mayo, que permite la pr\u00f3rroga de los ERTE que se hab\u00edan interpuesto fruto de las medidas tomadas para luchar contra el coronarvirus, paralizando la actividad de miles de empresas.<\/p>\n<p>El Gobierno atendi\u00f3 as\u00ed la solicitud formulada desde distintos \u00e1mbitos, a fin de dar seguridad a miles de empresas y aut\u00f3nomos, que se est\u00e1n viendo severamente penalizados por el confinamiento decretado, y que necesitaban saber que m\u00e1s all\u00e1 del fin del estado de alarma, iban a poder recurrir al mantenimiento del ERTE hasta que su actividad alcanzar\u00e1 un m\u00ednimo nivel de viablidad para afrontar el coste laboral de sus trabajadores.<\/p>\n","protected":false},"author":1,"featured_media":0,"comment_status":"closed","ping_status":"closed","sticky":false,"template":"","format":"standard","meta":{"footnotes":""},"categories":[423,1202],"tags":[1224,1225],"class_list":["post-7635","post","type-post","status-publish","format-standard","hentry","category-noticia-en","category-coronavirus-en","tag-coronavirus-en","tag-erte-en"],"yoast_head":"<!-- This site is optimized with the Yoast SEO plugin v27.2 - https:\/\/yoast.com\/product\/yoast-seo-wordpress\/ -->\n<title>Pr\u00f3rroga de los ERTE - Despacho Abogados San Jose<\/title>\n<meta name=\"robots\" content=\"index, follow, max-snippet:-1, max-image-preview:large, max-video-preview:-1\" \/>\n<link rel=\"canonical\" href=\"https:\/\/sanjoseabogados.com\/en\/prorroga-de-los-erte\/\" \/>\n<meta property=\"og:locale\" content=\"en_US\" \/>\n<meta property=\"og:type\" content=\"article\" \/>\n<meta property=\"og:title\" content=\"Pr\u00f3rroga de los ERTE - Despacho Abogados San Jose\" \/>\n<meta property=\"og:description\" content=\"En el d\u00eda de ayer se aprob\u00f3 el Real Decreto-ley 18\/2020, de 12 de mayo, que permite la pr\u00f3rroga de los ERTE que se hab\u00edan interpuesto fruto de las medidas tomadas para luchar contra el coronarvirus, paralizando la actividad de miles de empresas.  El Gobierno atendi\u00f3 as\u00ed la solicitud formulada desde distintos \u00e1mbitos, a fin de dar seguridad a miles de empresas y aut\u00f3nomos, que se est\u00e1n viendo severamente penalizados por el confinamiento decretado, y que necesitaban saber que m\u00e1s all\u00e1 del fin del estado de alarma, iban a poder recurrir al mantenimiento del ERTE hasta que su actividad alcanzar\u00e1 un m\u00ednimo nivel de viablidad para afrontar el coste laboral de sus trabajadores.\" \/>\n<meta property=\"og:url\" content=\"https:\/\/sanjoseabogados.com\/en\/prorroga-de-los-erte\/\" \/>\n<meta property=\"og:site_name\" content=\"Despacho Abogados San Jose\" \/>\n<meta property=\"article:published_time\" content=\"2020-05-13T08:32:41+00:00\" \/>\n<meta property=\"og:image\" content=\"https:\/\/sanjoseabogados.com\/wp-content\/uploads\/2020\/05\/prorroga-ERTE-495x364.jpg\" \/>\n<meta name=\"author\" content=\"San Jose Abogados\" \/>\n<meta name=\"twitter:card\" content=\"summary_large_image\" \/>\n<meta name=\"twitter:label1\" content=\"Written by\" \/>\n\t<meta name=\"twitter:data1\" content=\"San Jose Abogados\" \/>\n\t<meta name=\"twitter:label2\" content=\"Est. reading time\" \/>\n\t<meta name=\"twitter:data2\" content=\"4 minutes\" \/>\n<script type=\"application\/ld+json\" class=\"yoast-schema-graph\">{\"@context\":\"https:\/\/schema.org\",\"@graph\":[{\"@type\":\"Article\",\"@id\":\"https:\/\/sanjoseabogados.com\/en\/prorroga-de-los-erte\/#article\",\"isPartOf\":{\"@id\":\"https:\/\/sanjoseabogados.com\/en\/prorroga-de-los-erte\/\"},\"author\":{\"name\":\"San Jose Abogados\",\"@id\":\"https:\/\/sanjoseabogados.com\/en\/#\/schema\/person\/9598f83ebb435fbe592f66dd5d3f7c6d\"},\"headline\":\"Pr\u00f3rroga de los ERTE\",\"datePublished\":\"2020-05-13T08:32:41+00:00\",\"mainEntityOfPage\":{\"@id\":\"https:\/\/sanjoseabogados.com\/en\/prorroga-de-los-erte\/\"},\"wordCount\":903,\"image\":{\"@id\":\"https:\/\/sanjoseabogados.com\/en\/prorroga-de-los-erte\/#primaryimage\"},\"thumbnailUrl\":\"https:\/\/sanjoseabogados.com\/wp-content\/uploads\/2020\/05\/prorroga-ERTE-495x364.jpg\",\"keywords\":[\"coronavirus\",\"erte\"],\"articleSection\":[\"3. Noticias\",\"Coronavirus\"],\"inLanguage\":\"en-US\"},{\"@type\":\"WebPage\",\"@id\":\"https:\/\/sanjoseabogados.com\/en\/prorroga-de-los-erte\/\",\"url\":\"https:\/\/sanjoseabogados.com\/en\/prorroga-de-los-erte\/\",\"name\":\"Pr\u00f3rroga de los ERTE - Despacho Abogados San Jose\",\"isPartOf\":{\"@id\":\"https:\/\/sanjoseabogados.com\/en\/#website\"},\"primaryImageOfPage\":{\"@id\":\"https:\/\/sanjoseabogados.com\/en\/prorroga-de-los-erte\/#primaryimage\"},\"image\":{\"@id\":\"https:\/\/sanjoseabogados.com\/en\/prorroga-de-los-erte\/#primaryimage\"},\"thumbnailUrl\":\"https:\/\/sanjoseabogados.com\/wp-content\/uploads\/2020\/05\/prorroga-ERTE-495x364.jpg\",\"datePublished\":\"2020-05-13T08:32:41+00:00\",\"author\":{\"@id\":\"https:\/\/sanjoseabogados.com\/en\/#\/schema\/person\/9598f83ebb435fbe592f66dd5d3f7c6d\"},\"breadcrumb\":{\"@id\":\"https:\/\/sanjoseabogados.com\/en\/prorroga-de-los-erte\/#breadcrumb\"},\"inLanguage\":\"en-US\",\"potentialAction\":[{\"@type\":\"ReadAction\",\"target\":[\"https:\/\/sanjoseabogados.com\/en\/prorroga-de-los-erte\/\"]}]},{\"@type\":\"ImageObject\",\"inLanguage\":\"en-US\",\"@id\":\"https:\/\/sanjoseabogados.com\/en\/prorroga-de-los-erte\/#primaryimage\",\"url\":\"https:\/\/sanjoseabogados.com\/wp-content\/uploads\/2020\/05\/prorroga-ERTE-495x364.jpg\",\"contentUrl\":\"https:\/\/sanjoseabogados.com\/wp-content\/uploads\/2020\/05\/prorroga-ERTE-495x364.jpg\"},{\"@type\":\"BreadcrumbList\",\"@id\":\"https:\/\/sanjoseabogados.com\/en\/prorroga-de-los-erte\/#breadcrumb\",\"itemListElement\":[{\"@type\":\"ListItem\",\"position\":1,\"name\":\"Portada\",\"item\":\"https:\/\/sanjoseabogados.com\/en\/\"},{\"@type\":\"ListItem\",\"position\":2,\"name\":\"Pr\u00f3rroga de los ERTE\"}]},{\"@type\":\"WebSite\",\"@id\":\"https:\/\/sanjoseabogados.com\/en\/#website\",\"url\":\"https:\/\/sanjoseabogados.com\/en\/\",\"name\":\"Despacho Abogados San Jose\",\"description\":\"Despacho abogados en Bilbao\",\"potentialAction\":[{\"@type\":\"SearchAction\",\"target\":{\"@type\":\"EntryPoint\",\"urlTemplate\":\"https:\/\/sanjoseabogados.com\/en\/?s={search_term_string}\"},\"query-input\":{\"@type\":\"PropertyValueSpecification\",\"valueRequired\":true,\"valueName\":\"search_term_string\"}}],\"inLanguage\":\"en-US\"},{\"@type\":\"Person\",\"@id\":\"https:\/\/sanjoseabogados.com\/en\/#\/schema\/person\/9598f83ebb435fbe592f66dd5d3f7c6d\",\"name\":\"San Jose Abogados\",\"image\":{\"@type\":\"ImageObject\",\"inLanguage\":\"en-US\",\"@id\":\"https:\/\/secure.gravatar.com\/avatar\/426c26975de8e4468f967881881cf37d598c65f2818563162b0fada43d69a5fc?s=96&d=mm&r=g\",\"url\":\"https:\/\/secure.gravatar.com\/avatar\/426c26975de8e4468f967881881cf37d598c65f2818563162b0fada43d69a5fc?s=96&d=mm&r=g\",\"contentUrl\":\"https:\/\/secure.gravatar.com\/avatar\/426c26975de8e4468f967881881cf37d598c65f2818563162b0fada43d69a5fc?s=96&d=mm&r=g\",\"caption\":\"San Jose Abogados\"},\"url\":\"https:\/\/sanjoseabogados.com\/en\/author\/san-jose-abogados\/\"}]}<\/script>\n<!-- \/ Yoast SEO plugin. -->","yoast_head_json":{"title":"Pr\u00f3rroga de los ERTE - Despacho Abogados San Jose","robots":{"index":"index","follow":"follow","max-snippet":"max-snippet:-1","max-image-preview":"max-image-preview:large","max-video-preview":"max-video-preview:-1"},"canonical":"https:\/\/sanjoseabogados.com\/en\/prorroga-de-los-erte\/","og_locale":"en_US","og_type":"article","og_title":"Pr\u00f3rroga de los ERTE - Despacho Abogados San Jose","og_description":"En el d\u00eda de ayer se aprob\u00f3 el Real Decreto-ley 18\/2020, de 12 de mayo, que permite la pr\u00f3rroga de los ERTE que se hab\u00edan interpuesto fruto de las medidas tomadas para luchar contra el coronarvirus, paralizando la actividad de miles de empresas.  El Gobierno atendi\u00f3 as\u00ed la solicitud formulada desde distintos \u00e1mbitos, a fin de dar seguridad a miles de empresas y aut\u00f3nomos, que se est\u00e1n viendo severamente penalizados por el confinamiento decretado, y que necesitaban saber que m\u00e1s all\u00e1 del fin del estado de alarma, iban a poder recurrir al mantenimiento del ERTE hasta que su actividad alcanzar\u00e1 un m\u00ednimo nivel de viablidad para afrontar el coste laboral de sus trabajadores.","og_url":"https:\/\/sanjoseabogados.com\/en\/prorroga-de-los-erte\/","og_site_name":"Despacho Abogados San Jose","article_published_time":"2020-05-13T08:32:41+00:00","og_image":[{"url":"https:\/\/sanjoseabogados.com\/wp-content\/uploads\/2020\/05\/prorroga-ERTE-495x364.jpg","type":"","width":"","height":""}],"author":"San Jose Abogados","twitter_card":"summary_large_image","twitter_misc":{"Written by":"San Jose Abogados","Est. reading time":"4 minutes"},"schema":{"@context":"https:\/\/schema.org","@graph":[{"@type":"Article","@id":"https:\/\/sanjoseabogados.com\/en\/prorroga-de-los-erte\/#article","isPartOf":{"@id":"https:\/\/sanjoseabogados.com\/en\/prorroga-de-los-erte\/"},"author":{"name":"San Jose Abogados","@id":"https:\/\/sanjoseabogados.com\/en\/#\/schema\/person\/9598f83ebb435fbe592f66dd5d3f7c6d"},"headline":"Pr\u00f3rroga de los ERTE","datePublished":"2020-05-13T08:32:41+00:00","mainEntityOfPage":{"@id":"https:\/\/sanjoseabogados.com\/en\/prorroga-de-los-erte\/"},"wordCount":903,"image":{"@id":"https:\/\/sanjoseabogados.com\/en\/prorroga-de-los-erte\/#primaryimage"},"thumbnailUrl":"https:\/\/sanjoseabogados.com\/wp-content\/uploads\/2020\/05\/prorroga-ERTE-495x364.jpg","keywords":["coronavirus","erte"],"articleSection":["3. Noticias","Coronavirus"],"inLanguage":"en-US"},{"@type":"WebPage","@id":"https:\/\/sanjoseabogados.com\/en\/prorroga-de-los-erte\/","url":"https:\/\/sanjoseabogados.com\/en\/prorroga-de-los-erte\/","name":"Pr\u00f3rroga de los ERTE - Despacho Abogados San Jose","isPartOf":{"@id":"https:\/\/sanjoseabogados.com\/en\/#website"},"primaryImageOfPage":{"@id":"https:\/\/sanjoseabogados.com\/en\/prorroga-de-los-erte\/#primaryimage"},"image":{"@id":"https:\/\/sanjoseabogados.com\/en\/prorroga-de-los-erte\/#primaryimage"},"thumbnailUrl":"https:\/\/sanjoseabogados.com\/wp-content\/uploads\/2020\/05\/prorroga-ERTE-495x364.jpg","datePublished":"2020-05-13T08:32:41+00:00","author":{"@id":"https:\/\/sanjoseabogados.com\/en\/#\/schema\/person\/9598f83ebb435fbe592f66dd5d3f7c6d"},"breadcrumb":{"@id":"https:\/\/sanjoseabogados.com\/en\/prorroga-de-los-erte\/#breadcrumb"},"inLanguage":"en-US","potentialAction":[{"@type":"ReadAction","target":["https:\/\/sanjoseabogados.com\/en\/prorroga-de-los-erte\/"]}]},{"@type":"ImageObject","inLanguage":"en-US","@id":"https:\/\/sanjoseabogados.com\/en\/prorroga-de-los-erte\/#primaryimage","url":"https:\/\/sanjoseabogados.com\/wp-content\/uploads\/2020\/05\/prorroga-ERTE-495x364.jpg","contentUrl":"https:\/\/sanjoseabogados.com\/wp-content\/uploads\/2020\/05\/prorroga-ERTE-495x364.jpg"},{"@type":"BreadcrumbList","@id":"https:\/\/sanjoseabogados.com\/en\/prorroga-de-los-erte\/#breadcrumb","itemListElement":[{"@type":"ListItem","position":1,"name":"Portada","item":"https:\/\/sanjoseabogados.com\/en\/"},{"@type":"ListItem","position":2,"name":"Pr\u00f3rroga de los ERTE"}]},{"@type":"WebSite","@id":"https:\/\/sanjoseabogados.com\/en\/#website","url":"https:\/\/sanjoseabogados.com\/en\/","name":"Despacho Abogados San Jose","description":"Despacho abogados en Bilbao","potentialAction":[{"@type":"SearchAction","target":{"@type":"EntryPoint","urlTemplate":"https:\/\/sanjoseabogados.com\/en\/?s={search_term_string}"},"query-input":{"@type":"PropertyValueSpecification","valueRequired":true,"valueName":"search_term_string"}}],"inLanguage":"en-US"},{"@type":"Person","@id":"https:\/\/sanjoseabogados.com\/en\/#\/schema\/person\/9598f83ebb435fbe592f66dd5d3f7c6d","name":"San Jose Abogados","image":{"@type":"ImageObject","inLanguage":"en-US","@id":"https:\/\/secure.gravatar.com\/avatar\/426c26975de8e4468f967881881cf37d598c65f2818563162b0fada43d69a5fc?s=96&d=mm&r=g","url":"https:\/\/secure.gravatar.com\/avatar\/426c26975de8e4468f967881881cf37d598c65f2818563162b0fada43d69a5fc?s=96&d=mm&r=g","contentUrl":"https:\/\/secure.gravatar.com\/avatar\/426c26975de8e4468f967881881cf37d598c65f2818563162b0fada43d69a5fc?s=96&d=mm&r=g","caption":"San Jose Abogados"},"url":"https:\/\/sanjoseabogados.com\/en\/author\/san-jose-abogados\/"}]}},"_links":{"self":[{"href":"https:\/\/sanjoseabogados.com\/en\/wp-json\/wp\/v2\/posts\/7635","targetHints":{"allow":["GET"]}}],"collection":[{"href":"https:\/\/sanjoseabogados.com\/en\/wp-json\/wp\/v2\/posts"}],"about":[{"href":"https:\/\/sanjoseabogados.com\/en\/wp-json\/wp\/v2\/types\/post"}],"author":[{"embeddable":true,"href":"https:\/\/sanjoseabogados.com\/en\/wp-json\/wp\/v2\/users\/1"}],"replies":[{"embeddable":true,"href":"https:\/\/sanjoseabogados.com\/en\/wp-json\/wp\/v2\/comments?post=7635"}],"version-history":[{"count":0,"href":"https:\/\/sanjoseabogados.com\/en\/wp-json\/wp\/v2\/posts\/7635\/revisions"}],"wp:attachment":[{"href":"https:\/\/sanjoseabogados.com\/en\/wp-json\/wp\/v2\/media?parent=7635"}],"wp:term":[{"taxonomy":"category","embeddable":true,"href":"https:\/\/sanjoseabogados.com\/en\/wp-json\/wp\/v2\/categories?post=7635"},{"taxonomy":"post_tag","embeddable":true,"href":"https:\/\/sanjoseabogados.com\/en\/wp-json\/wp\/v2\/tags?post=7635"}],"curies":[{"name":"wp","href":"https:\/\/api.w.org\/{rel}","templated":true}]}}