{"id":5972,"date":"2012-05-07T11:00:04","date_gmt":"2012-05-07T11:00:04","guid":{"rendered":"https:\/\/label-design.es\/sanjose\/puesta-en-marcha-del-plan-estatal-de-pago-a-los-proveedores\/"},"modified":"2012-05-07T11:00:04","modified_gmt":"2012-05-07T11:00:04","slug":"puesta-en-marcha-del-plan-estatal-de-pago-a-los-proveedores","status":"publish","type":"post","link":"https:\/\/sanjoseabogados.com\/eu\/puesta-en-marcha-del-plan-estatal-de-pago-a-los-proveedores\/","title":{"rendered":"Puesta en marcha del Plan Estatal de pago a los proveedores"},"content":{"rendered":"<p><a href=\"https:\/\/label-design.es\/sanjose\/wp-content\/uploads\/2012\/05\/Pago-a-proveedores.jpg\"><img loading=\"lazy\" decoding=\"async\" class=\"alignleft size-thumbnail wp-image-1423\" title=\"Pago a proveedores\" src=\"https:\/\/label-design.es\/sanjose\/wp-content\/uploads\/2012\/05\/Pago-a-proveedores-150x150.jpg\" alt=\"\" width=\"150\" height=\"150\" \/><\/a>Los <strong>proveedores de los ayuntamientos y las comunidades aut\u00f3nomas<\/strong> que tengan facturas pendientes de pago generadas antes del final de 2011 comenzar\u00e1n a cobrarlas a partir de este mes de mayo.<\/p>\n<p>En cualquier caso, para cobrar el importe total de la factura (capital principal e IVA) ser\u00e1 necesario renunciar a posibles intereses, costas judiciales u otros gastos. Aunque Galicia, Euskadi y Navarra son las \u00fanicas comunidades que no se han acogido a este plan de ayudas del Gobierno, es importante conocer el procedimiento para el cobro de tales facturas puesto que afecta a todos aquellos proveedores, con independencia de su domicilio social, que tengan cr\u00e9ditos contra ayuntamientos o comunidades aut\u00f3nomas que s\u00ed se hayan acogido a este procedimiento.<\/p>\n<p>Puedes leer el art\u00edculo completo de <a class=\"wpgallery\" title=\"lynn trigueros\" href=\"http:\/\/sanjoseabogados.com\/abogados\/lynntriguerosgomez\" target=\"_self\" rel=\"noopener noreferrer\">Lynn Trigueros<\/a>, miembro de <strong>San Jos\u00e9 Abogados<\/strong>, en la web del\u00a0<a class=\"wpgallery\" title=\"art\u00edculo\" href=\"http:\/\/www.periodicoconstruccion.com\/2012\/05\/puesta-en-marcha-del-plan-estatal-de-pago-a-los-proveedores\/\" target=\"_blank\" rel=\"noopener noreferrer\">Peri\u00f3dico\u00a0Construcci\u00f3n<\/a>.<\/p>\n","protected":false},"excerpt":{"rendered":"<p>Los proveedores de los ayuntamientos y las comunidades aut\u00f3nomas que tengan facturas pendientes de pago generadas antes del final de 2011 comenzar\u00e1n a cobrarlas a partir de este mes de mayo.\t\t\t\t\t\t<\/p>\n","protected":false},"author":1,"featured_media":0,"comment_status":"closed","ping_status":"open","sticky":false,"template":"","format":"standard","meta":{"footnotes":""},"categories":[395,490],"tags":[836,837],"class_list":["post-5972","post","type-post","status-publish","format-standard","hentry","category-publicaciones-eu","category-publicaciones-articulos-eu","tag-plan-estatal-de-pago-eu","tag-proveedores-eu"],"yoast_head":"<!-- This site is optimized with the Yoast SEO plugin v27.2 - https:\/\/yoast.com\/product\/yoast-seo-wordpress\/ -->\n<title>Puesta en marcha del Plan Estatal de pago a los proveedores - Despacho Abogados San Jose<\/title>\n<meta name=\"robots\" content=\"index, follow, max-snippet:-1, max-image-preview:large, max-video-preview:-1\" \/>\n<link rel=\"canonical\" href=\"https:\/\/sanjoseabogados.com\/eu\/puesta-en-marcha-del-plan-estatal-de-pago-a-los-proveedores\/\" \/>\n<meta property=\"og:locale\" content=\"eu_ES\" \/>\n<meta property=\"og:type\" content=\"article\" \/>\n<meta property=\"og:title\" content=\"Puesta en marcha del Plan Estatal de pago a los proveedores - Despacho Abogados San Jose\" \/>\n<meta property=\"og:description\" content=\"Los proveedores de los ayuntamientos y las comunidades aut\u00f3nomas que tengan facturas pendientes de pago generadas antes del final de 2011 comenzar\u00e1n a cobrarlas a partir de este mes de mayo.\" \/>\n<meta property=\"og:url\" content=\"https:\/\/sanjoseabogados.com\/eu\/puesta-en-marcha-del-plan-estatal-de-pago-a-los-proveedores\/\" \/>\n<meta property=\"og:site_name\" content=\"Despacho Abogados San Jose\" \/>\n<meta property=\"article:published_time\" content=\"2012-05-07T11:00:04+00:00\" \/>\n<meta property=\"og:image\" content=\"https:\/\/label-design.es\/sanjose\/wp-content\/uploads\/2012\/05\/Pago-a-proveedores-150x150.jpg\" \/>\n<meta name=\"author\" content=\"San Jose Abogados\" \/>\n<meta name=\"twitter:card\" content=\"summary_large_image\" \/>\n<meta name=\"twitter:label1\" content=\"Written by\" \/>\n\t<meta name=\"twitter:data1\" content=\"San Jose Abogados\" \/>\n\t<meta name=\"twitter:label2\" content=\"Est. reading time\" \/>\n\t<meta name=\"twitter:data2\" content=\"1 minute\" \/>\n<script type=\"application\/ld+json\" class=\"yoast-schema-graph\">{\"@context\":\"https:\/\/schema.org\",\"@graph\":[{\"@type\":\"Article\",\"@id\":\"https:\/\/sanjoseabogados.com\/eu\/puesta-en-marcha-del-plan-estatal-de-pago-a-los-proveedores\/#article\",\"isPartOf\":{\"@id\":\"https:\/\/sanjoseabogados.com\/eu\/puesta-en-marcha-del-plan-estatal-de-pago-a-los-proveedores\/\"},\"author\":{\"name\":\"San Jose Abogados\",\"@id\":\"https:\/\/sanjoseabogados.com\/eu\/#\/schema\/person\/9598f83ebb435fbe592f66dd5d3f7c6d\"},\"headline\":\"Puesta en marcha del Plan Estatal de pago a los proveedores\",\"datePublished\":\"2012-05-07T11:00:04+00:00\",\"mainEntityOfPage\":{\"@id\":\"https:\/\/sanjoseabogados.com\/eu\/puesta-en-marcha-del-plan-estatal-de-pago-a-los-proveedores\/\"},\"wordCount\":154,\"image\":{\"@id\":\"https:\/\/sanjoseabogados.com\/eu\/puesta-en-marcha-del-plan-estatal-de-pago-a-los-proveedores\/#primaryimage\"},\"thumbnailUrl\":\"https:\/\/label-design.es\/sanjose\/wp-content\/uploads\/2012\/05\/Pago-a-proveedores-150x150.jpg\",\"keywords\":[\"plan estatal de pago\",\"proveedores\"],\"articleSection\":[\"6. Publicaciones\",\"Art\u00edculos\"],\"inLanguage\":\"eu-ES\"},{\"@type\":\"WebPage\",\"@id\":\"https:\/\/sanjoseabogados.com\/eu\/puesta-en-marcha-del-plan-estatal-de-pago-a-los-proveedores\/\",\"url\":\"https:\/\/sanjoseabogados.com\/eu\/puesta-en-marcha-del-plan-estatal-de-pago-a-los-proveedores\/\",\"name\":\"Puesta en marcha del Plan Estatal de pago a los proveedores - Despacho Abogados San Jose\",\"isPartOf\":{\"@id\":\"https:\/\/sanjoseabogados.com\/eu\/#website\"},\"primaryImageOfPage\":{\"@id\":\"https:\/\/sanjoseabogados.com\/eu\/puesta-en-marcha-del-plan-estatal-de-pago-a-los-proveedores\/#primaryimage\"},\"image\":{\"@id\":\"https:\/\/sanjoseabogados.com\/eu\/puesta-en-marcha-del-plan-estatal-de-pago-a-los-proveedores\/#primaryimage\"},\"thumbnailUrl\":\"https:\/\/label-design.es\/sanjose\/wp-content\/uploads\/2012\/05\/Pago-a-proveedores-150x150.jpg\",\"datePublished\":\"2012-05-07T11:00:04+00:00\",\"author\":{\"@id\":\"https:\/\/sanjoseabogados.com\/eu\/#\/schema\/person\/9598f83ebb435fbe592f66dd5d3f7c6d\"},\"breadcrumb\":{\"@id\":\"https:\/\/sanjoseabogados.com\/eu\/puesta-en-marcha-del-plan-estatal-de-pago-a-los-proveedores\/#breadcrumb\"},\"inLanguage\":\"eu-ES\",\"potentialAction\":[{\"@type\":\"ReadAction\",\"target\":[\"https:\/\/sanjoseabogados.com\/eu\/puesta-en-marcha-del-plan-estatal-de-pago-a-los-proveedores\/\"]}]},{\"@type\":\"ImageObject\",\"inLanguage\":\"eu-ES\",\"@id\":\"https:\/\/sanjoseabogados.com\/eu\/puesta-en-marcha-del-plan-estatal-de-pago-a-los-proveedores\/#primaryimage\",\"url\":\"https:\/\/label-design.es\/sanjose\/wp-content\/uploads\/2012\/05\/Pago-a-proveedores-150x150.jpg\",\"contentUrl\":\"https:\/\/label-design.es\/sanjose\/wp-content\/uploads\/2012\/05\/Pago-a-proveedores-150x150.jpg\"},{\"@type\":\"BreadcrumbList\",\"@id\":\"https:\/\/sanjoseabogados.com\/eu\/puesta-en-marcha-del-plan-estatal-de-pago-a-los-proveedores\/#breadcrumb\",\"itemListElement\":[{\"@type\":\"ListItem\",\"position\":1,\"name\":\"Portada\",\"item\":\"https:\/\/sanjoseabogados.com\/eu\/\"},{\"@type\":\"ListItem\",\"position\":2,\"name\":\"Puesta en marcha del Plan Estatal de pago a los proveedores\"}]},{\"@type\":\"WebSite\",\"@id\":\"https:\/\/sanjoseabogados.com\/eu\/#website\",\"url\":\"https:\/\/sanjoseabogados.com\/eu\/\",\"name\":\"Despacho Abogados San Jose\",\"description\":\"Despacho abogados en Bilbao\",\"potentialAction\":[{\"@type\":\"SearchAction\",\"target\":{\"@type\":\"EntryPoint\",\"urlTemplate\":\"https:\/\/sanjoseabogados.com\/eu\/?s={search_term_string}\"},\"query-input\":{\"@type\":\"PropertyValueSpecification\",\"valueRequired\":true,\"valueName\":\"search_term_string\"}}],\"inLanguage\":\"eu-ES\"},{\"@type\":\"Person\",\"@id\":\"https:\/\/sanjoseabogados.com\/eu\/#\/schema\/person\/9598f83ebb435fbe592f66dd5d3f7c6d\",\"name\":\"San Jose Abogados\",\"image\":{\"@type\":\"ImageObject\",\"inLanguage\":\"eu-ES\",\"@id\":\"https:\/\/secure.gravatar.com\/avatar\/426c26975de8e4468f967881881cf37d598c65f2818563162b0fada43d69a5fc?s=96&d=mm&r=g\",\"url\":\"https:\/\/secure.gravatar.com\/avatar\/426c26975de8e4468f967881881cf37d598c65f2818563162b0fada43d69a5fc?s=96&d=mm&r=g\",\"contentUrl\":\"https:\/\/secure.gravatar.com\/avatar\/426c26975de8e4468f967881881cf37d598c65f2818563162b0fada43d69a5fc?s=96&d=mm&r=g\",\"caption\":\"San Jose Abogados\"},\"url\":\"https:\/\/sanjoseabogados.com\/eu\/author\/san-jose-abogados\/\"}]}<\/script>\n<!-- \/ Yoast SEO plugin. -->","yoast_head_json":{"title":"Puesta en marcha del Plan Estatal de pago a los proveedores - Despacho Abogados San Jose","robots":{"index":"index","follow":"follow","max-snippet":"max-snippet:-1","max-image-preview":"max-image-preview:large","max-video-preview":"max-video-preview:-1"},"canonical":"https:\/\/sanjoseabogados.com\/eu\/puesta-en-marcha-del-plan-estatal-de-pago-a-los-proveedores\/","og_locale":"eu_ES","og_type":"article","og_title":"Puesta en marcha del Plan Estatal de pago a los proveedores - Despacho Abogados San Jose","og_description":"Los proveedores de los ayuntamientos y las comunidades aut\u00f3nomas que tengan facturas pendientes de pago generadas antes del final de 2011 comenzar\u00e1n a cobrarlas a partir de este mes de mayo.","og_url":"https:\/\/sanjoseabogados.com\/eu\/puesta-en-marcha-del-plan-estatal-de-pago-a-los-proveedores\/","og_site_name":"Despacho Abogados San Jose","article_published_time":"2012-05-07T11:00:04+00:00","og_image":[{"url":"https:\/\/label-design.es\/sanjose\/wp-content\/uploads\/2012\/05\/Pago-a-proveedores-150x150.jpg","type":"","width":"","height":""}],"author":"San Jose Abogados","twitter_card":"summary_large_image","twitter_misc":{"Written by":"San Jose Abogados","Est. reading time":"1 minute"},"schema":{"@context":"https:\/\/schema.org","@graph":[{"@type":"Article","@id":"https:\/\/sanjoseabogados.com\/eu\/puesta-en-marcha-del-plan-estatal-de-pago-a-los-proveedores\/#article","isPartOf":{"@id":"https:\/\/sanjoseabogados.com\/eu\/puesta-en-marcha-del-plan-estatal-de-pago-a-los-proveedores\/"},"author":{"name":"San Jose Abogados","@id":"https:\/\/sanjoseabogados.com\/eu\/#\/schema\/person\/9598f83ebb435fbe592f66dd5d3f7c6d"},"headline":"Puesta en marcha del Plan Estatal de pago a los proveedores","datePublished":"2012-05-07T11:00:04+00:00","mainEntityOfPage":{"@id":"https:\/\/sanjoseabogados.com\/eu\/puesta-en-marcha-del-plan-estatal-de-pago-a-los-proveedores\/"},"wordCount":154,"image":{"@id":"https:\/\/sanjoseabogados.com\/eu\/puesta-en-marcha-del-plan-estatal-de-pago-a-los-proveedores\/#primaryimage"},"thumbnailUrl":"https:\/\/label-design.es\/sanjose\/wp-content\/uploads\/2012\/05\/Pago-a-proveedores-150x150.jpg","keywords":["plan estatal de pago","proveedores"],"articleSection":["6. Publicaciones","Art\u00edculos"],"inLanguage":"eu-ES"},{"@type":"WebPage","@id":"https:\/\/sanjoseabogados.com\/eu\/puesta-en-marcha-del-plan-estatal-de-pago-a-los-proveedores\/","url":"https:\/\/sanjoseabogados.com\/eu\/puesta-en-marcha-del-plan-estatal-de-pago-a-los-proveedores\/","name":"Puesta en marcha del Plan Estatal de pago a los proveedores - Despacho Abogados San Jose","isPartOf":{"@id":"https:\/\/sanjoseabogados.com\/eu\/#website"},"primaryImageOfPage":{"@id":"https:\/\/sanjoseabogados.com\/eu\/puesta-en-marcha-del-plan-estatal-de-pago-a-los-proveedores\/#primaryimage"},"image":{"@id":"https:\/\/sanjoseabogados.com\/eu\/puesta-en-marcha-del-plan-estatal-de-pago-a-los-proveedores\/#primaryimage"},"thumbnailUrl":"https:\/\/label-design.es\/sanjose\/wp-content\/uploads\/2012\/05\/Pago-a-proveedores-150x150.jpg","datePublished":"2012-05-07T11:00:04+00:00","author":{"@id":"https:\/\/sanjoseabogados.com\/eu\/#\/schema\/person\/9598f83ebb435fbe592f66dd5d3f7c6d"},"breadcrumb":{"@id":"https:\/\/sanjoseabogados.com\/eu\/puesta-en-marcha-del-plan-estatal-de-pago-a-los-proveedores\/#breadcrumb"},"inLanguage":"eu-ES","potentialAction":[{"@type":"ReadAction","target":["https:\/\/sanjoseabogados.com\/eu\/puesta-en-marcha-del-plan-estatal-de-pago-a-los-proveedores\/"]}]},{"@type":"ImageObject","inLanguage":"eu-ES","@id":"https:\/\/sanjoseabogados.com\/eu\/puesta-en-marcha-del-plan-estatal-de-pago-a-los-proveedores\/#primaryimage","url":"https:\/\/label-design.es\/sanjose\/wp-content\/uploads\/2012\/05\/Pago-a-proveedores-150x150.jpg","contentUrl":"https:\/\/label-design.es\/sanjose\/wp-content\/uploads\/2012\/05\/Pago-a-proveedores-150x150.jpg"},{"@type":"BreadcrumbList","@id":"https:\/\/sanjoseabogados.com\/eu\/puesta-en-marcha-del-plan-estatal-de-pago-a-los-proveedores\/#breadcrumb","itemListElement":[{"@type":"ListItem","position":1,"name":"Portada","item":"https:\/\/sanjoseabogados.com\/eu\/"},{"@type":"ListItem","position":2,"name":"Puesta en marcha del Plan Estatal de pago a los proveedores"}]},{"@type":"WebSite","@id":"https:\/\/sanjoseabogados.com\/eu\/#website","url":"https:\/\/sanjoseabogados.com\/eu\/","name":"Despacho Abogados San Jose","description":"Despacho abogados en Bilbao","potentialAction":[{"@type":"SearchAction","target":{"@type":"EntryPoint","urlTemplate":"https:\/\/sanjoseabogados.com\/eu\/?s={search_term_string}"},"query-input":{"@type":"PropertyValueSpecification","valueRequired":true,"valueName":"search_term_string"}}],"inLanguage":"eu-ES"},{"@type":"Person","@id":"https:\/\/sanjoseabogados.com\/eu\/#\/schema\/person\/9598f83ebb435fbe592f66dd5d3f7c6d","name":"San Jose Abogados","image":{"@type":"ImageObject","inLanguage":"eu-ES","@id":"https:\/\/secure.gravatar.com\/avatar\/426c26975de8e4468f967881881cf37d598c65f2818563162b0fada43d69a5fc?s=96&d=mm&r=g","url":"https:\/\/secure.gravatar.com\/avatar\/426c26975de8e4468f967881881cf37d598c65f2818563162b0fada43d69a5fc?s=96&d=mm&r=g","contentUrl":"https:\/\/secure.gravatar.com\/avatar\/426c26975de8e4468f967881881cf37d598c65f2818563162b0fada43d69a5fc?s=96&d=mm&r=g","caption":"San Jose Abogados"},"url":"https:\/\/sanjoseabogados.com\/eu\/author\/san-jose-abogados\/"}]}},"_links":{"self":[{"href":"https:\/\/sanjoseabogados.com\/eu\/wp-json\/wp\/v2\/posts\/5972","targetHints":{"allow":["GET"]}}],"collection":[{"href":"https:\/\/sanjoseabogados.com\/eu\/wp-json\/wp\/v2\/posts"}],"about":[{"href":"https:\/\/sanjoseabogados.com\/eu\/wp-json\/wp\/v2\/types\/post"}],"author":[{"embeddable":true,"href":"https:\/\/sanjoseabogados.com\/eu\/wp-json\/wp\/v2\/users\/1"}],"replies":[{"embeddable":true,"href":"https:\/\/sanjoseabogados.com\/eu\/wp-json\/wp\/v2\/comments?post=5972"}],"version-history":[{"count":0,"href":"https:\/\/sanjoseabogados.com\/eu\/wp-json\/wp\/v2\/posts\/5972\/revisions"}],"wp:attachment":[{"href":"https:\/\/sanjoseabogados.com\/eu\/wp-json\/wp\/v2\/media?parent=5972"}],"wp:term":[{"taxonomy":"category","embeddable":true,"href":"https:\/\/sanjoseabogados.com\/eu\/wp-json\/wp\/v2\/categories?post=5972"},{"taxonomy":"post_tag","embeddable":true,"href":"https:\/\/sanjoseabogados.com\/eu\/wp-json\/wp\/v2\/tags?post=5972"}],"curies":[{"name":"wp","href":"https:\/\/api.w.org\/{rel}","templated":true}]}}