{"id":6016,"date":"2011-12-08T09:29:21","date_gmt":"2011-12-08T09:29:21","guid":{"rendered":"https:\/\/label-design.es\/sanjose\/deudas-con-la-seguridad-social-y-responsabilidad-de-administradores\/"},"modified":"2011-12-08T09:29:21","modified_gmt":"2011-12-08T09:29:21","slug":"deudas-con-la-seguridad-social-y-responsabilidad-de-administradores","status":"publish","type":"post","link":"https:\/\/sanjoseabogados.com\/eu\/deudas-con-la-seguridad-social-y-responsabilidad-de-administradores\/","title":{"rendered":"Deudas con la Seguridad Social y responsabilidad de administradores"},"content":{"rendered":"<p>&nbsp;<\/p>\n<p><a href=\"https:\/\/label-design.es\/sanjose\/wp-content\/uploads\/2012\/01\/Responsabilidad-administradores.jpg\"><img loading=\"lazy\" decoding=\"async\" class=\"alignleft size-thumbnail wp-image-1209\" title=\"Responsabilidad administradores\" src=\"https:\/\/label-design.es\/sanjose\/wp-content\/uploads\/2012\/01\/Responsabilidad-administradores-150x150.jpg\" alt=\"\" width=\"150\" height=\"150\" \/><\/a>Independientemente de las atribuciones que los estatutos de la sociedad confieran al cargo de administrador, \u00e9ste debe cumplir una serie de deberes que son inherentes a su cargo.<\/p>\n<p>&nbsp;<\/p>\n<p>L\u00f3gicamente el administrador debe actuar de manera diligente y defender con lealtad los intereses de su empresa y ha de estar convenientemente informado de la marcha del negocio e informar a los socios de los pormenores del mismo. Sin embargo se le puede imputar responsabilidad, y deber\u00e1 responder por ello, si se demostrase que, bien por acci\u00f3n u omisi\u00f3n, ha contribuido a los resultados negativos o a no intentar evitar que \u00e9stos se produjeran. En los p\u00e1rrafos siguientes se analizar\u00e1n los supuestos en que un administrador responde personalmente de las cuotas adeudadas a la Seguridad Social.<\/p>\n<p>&nbsp;<\/p>\n<p>Puedes leer el art\u00edculo completo de <a class=\"wpGallery\" title=\"marta casado\" href=\"http:\/\/sanjoseabogados.com\/abogados\/martacasadoabarquero\" target=\"_self\" rel=\"noopener noreferrer\">Marta Casado<\/a>, miembro de <strong>San Jos\u00e9 Abogados<\/strong>, en el <a class=\"wpGallery\" title=\"art\u00edculo\" href=\"http:\/\/www.periodicoconstruccion.com\/2011\/12\/deudas-con-la-seguridad-social-y-responsabilidad-de-administradores-2\/\" target=\"_blank\" rel=\"noopener noreferrer\">Peri\u00f3dico de la Construcci\u00f3n<\/a>.<\/p>\n","protected":false},"excerpt":{"rendered":"<p>Independientemente de las atribuciones que los estatutos de la sociedad confieran al cargo de administrador, \u00e9ste debe cumplir una serie de deberes que son inherentes a su cargo.\t\t\t\t\t\t<\/p>\n","protected":false},"author":1,"featured_media":0,"comment_status":"closed","ping_status":"open","sticky":false,"template":"","format":"standard","meta":{"footnotes":""},"categories":[395,490],"tags":[758,868,472],"class_list":["post-6016","post","type-post","status-publish","format-standard","hentry","category-publicaciones-eu","category-publicaciones-articulos-eu","tag-administrador-eu","tag-responsabilidad-eu","tag-seguridad-social-eu"],"yoast_head":"<!-- This site is optimized with the Yoast SEO plugin v27.4 - https:\/\/yoast.com\/product\/yoast-seo-wordpress\/ -->\n<title>Deudas con la Seguridad Social y responsabilidad de administradores - Despacho Abogados San Jose<\/title>\n<meta name=\"robots\" content=\"index, follow, max-snippet:-1, max-image-preview:large, max-video-preview:-1\" \/>\n<link rel=\"canonical\" href=\"https:\/\/sanjoseabogados.com\/eu\/deudas-con-la-seguridad-social-y-responsabilidad-de-administradores\/\" \/>\n<meta property=\"og:locale\" content=\"eu_ES\" \/>\n<meta property=\"og:type\" content=\"article\" \/>\n<meta property=\"og:title\" content=\"Deudas con la Seguridad Social y responsabilidad de administradores - Despacho Abogados San Jose\" \/>\n<meta property=\"og:description\" content=\"Independientemente de las atribuciones que los estatutos de la sociedad confieran al cargo de administrador, \u00e9ste debe cumplir una serie de deberes que son inherentes a su cargo.\" \/>\n<meta property=\"og:url\" content=\"https:\/\/sanjoseabogados.com\/eu\/deudas-con-la-seguridad-social-y-responsabilidad-de-administradores\/\" \/>\n<meta property=\"og:site_name\" content=\"Despacho Abogados San Jose\" \/>\n<meta property=\"article:published_time\" content=\"2011-12-08T09:29:21+00:00\" \/>\n<meta property=\"og:image\" content=\"https:\/\/label-design.es\/sanjose\/wp-content\/uploads\/2012\/01\/Responsabilidad-administradores-150x150.jpg\" \/>\n<meta name=\"author\" content=\"San Jose Abogados\" \/>\n<meta name=\"twitter:card\" content=\"summary_large_image\" \/>\n<meta name=\"twitter:label1\" content=\"Written by\" \/>\n\t<meta name=\"twitter:data1\" content=\"San Jose Abogados\" \/>\n\t<meta name=\"twitter:label2\" content=\"Est. reading time\" \/>\n\t<meta name=\"twitter:data2\" content=\"1 minute\" \/>\n<script type=\"application\/ld+json\" class=\"yoast-schema-graph\">{\"@context\":\"https:\\\/\\\/schema.org\",\"@graph\":[{\"@type\":\"Article\",\"@id\":\"https:\\\/\\\/sanjoseabogados.com\\\/eu\\\/deudas-con-la-seguridad-social-y-responsabilidad-de-administradores\\\/#article\",\"isPartOf\":{\"@id\":\"https:\\\/\\\/sanjoseabogados.com\\\/eu\\\/deudas-con-la-seguridad-social-y-responsabilidad-de-administradores\\\/\"},\"author\":{\"name\":\"San Jose Abogados\",\"@id\":\"https:\\\/\\\/sanjoseabogados.com\\\/eu\\\/#\\\/schema\\\/person\\\/9598f83ebb435fbe592f66dd5d3f7c6d\"},\"headline\":\"Deudas con la Seguridad Social y responsabilidad de administradores\",\"datePublished\":\"2011-12-08T09:29:21+00:00\",\"mainEntityOfPage\":{\"@id\":\"https:\\\/\\\/sanjoseabogados.com\\\/eu\\\/deudas-con-la-seguridad-social-y-responsabilidad-de-administradores\\\/\"},\"wordCount\":163,\"image\":{\"@id\":\"https:\\\/\\\/sanjoseabogados.com\\\/eu\\\/deudas-con-la-seguridad-social-y-responsabilidad-de-administradores\\\/#primaryimage\"},\"thumbnailUrl\":\"https:\\\/\\\/label-design.es\\\/sanjose\\\/wp-content\\\/uploads\\\/2012\\\/01\\\/Responsabilidad-administradores-150x150.jpg\",\"keywords\":[\"administrador\",\"responsabilidad\",\"Seguridad Social\"],\"articleSection\":[\"6. Publicaciones\",\"Art\u00edculos\"],\"inLanguage\":\"eu-ES\"},{\"@type\":\"WebPage\",\"@id\":\"https:\\\/\\\/sanjoseabogados.com\\\/eu\\\/deudas-con-la-seguridad-social-y-responsabilidad-de-administradores\\\/\",\"url\":\"https:\\\/\\\/sanjoseabogados.com\\\/eu\\\/deudas-con-la-seguridad-social-y-responsabilidad-de-administradores\\\/\",\"name\":\"Deudas con la Seguridad Social y responsabilidad de administradores - Despacho Abogados San Jose\",\"isPartOf\":{\"@id\":\"https:\\\/\\\/sanjoseabogados.com\\\/eu\\\/#website\"},\"primaryImageOfPage\":{\"@id\":\"https:\\\/\\\/sanjoseabogados.com\\\/eu\\\/deudas-con-la-seguridad-social-y-responsabilidad-de-administradores\\\/#primaryimage\"},\"image\":{\"@id\":\"https:\\\/\\\/sanjoseabogados.com\\\/eu\\\/deudas-con-la-seguridad-social-y-responsabilidad-de-administradores\\\/#primaryimage\"},\"thumbnailUrl\":\"https:\\\/\\\/label-design.es\\\/sanjose\\\/wp-content\\\/uploads\\\/2012\\\/01\\\/Responsabilidad-administradores-150x150.jpg\",\"datePublished\":\"2011-12-08T09:29:21+00:00\",\"author\":{\"@id\":\"https:\\\/\\\/sanjoseabogados.com\\\/eu\\\/#\\\/schema\\\/person\\\/9598f83ebb435fbe592f66dd5d3f7c6d\"},\"breadcrumb\":{\"@id\":\"https:\\\/\\\/sanjoseabogados.com\\\/eu\\\/deudas-con-la-seguridad-social-y-responsabilidad-de-administradores\\\/#breadcrumb\"},\"inLanguage\":\"eu-ES\",\"potentialAction\":[{\"@type\":\"ReadAction\",\"target\":[\"https:\\\/\\\/sanjoseabogados.com\\\/eu\\\/deudas-con-la-seguridad-social-y-responsabilidad-de-administradores\\\/\"]}]},{\"@type\":\"ImageObject\",\"inLanguage\":\"eu-ES\",\"@id\":\"https:\\\/\\\/sanjoseabogados.com\\\/eu\\\/deudas-con-la-seguridad-social-y-responsabilidad-de-administradores\\\/#primaryimage\",\"url\":\"https:\\\/\\\/label-design.es\\\/sanjose\\\/wp-content\\\/uploads\\\/2012\\\/01\\\/Responsabilidad-administradores-150x150.jpg\",\"contentUrl\":\"https:\\\/\\\/label-design.es\\\/sanjose\\\/wp-content\\\/uploads\\\/2012\\\/01\\\/Responsabilidad-administradores-150x150.jpg\"},{\"@type\":\"BreadcrumbList\",\"@id\":\"https:\\\/\\\/sanjoseabogados.com\\\/eu\\\/deudas-con-la-seguridad-social-y-responsabilidad-de-administradores\\\/#breadcrumb\",\"itemListElement\":[{\"@type\":\"ListItem\",\"position\":1,\"name\":\"Portada\",\"item\":\"https:\\\/\\\/sanjoseabogados.com\\\/eu\\\/\"},{\"@type\":\"ListItem\",\"position\":2,\"name\":\"Deudas con la Seguridad Social y responsabilidad de administradores\"}]},{\"@type\":\"WebSite\",\"@id\":\"https:\\\/\\\/sanjoseabogados.com\\\/eu\\\/#website\",\"url\":\"https:\\\/\\\/sanjoseabogados.com\\\/eu\\\/\",\"name\":\"Despacho Abogados San Jose\",\"description\":\"Despacho abogados en Bilbao\",\"potentialAction\":[{\"@type\":\"SearchAction\",\"target\":{\"@type\":\"EntryPoint\",\"urlTemplate\":\"https:\\\/\\\/sanjoseabogados.com\\\/eu\\\/?s={search_term_string}\"},\"query-input\":{\"@type\":\"PropertyValueSpecification\",\"valueRequired\":true,\"valueName\":\"search_term_string\"}}],\"inLanguage\":\"eu-ES\"},{\"@type\":\"Person\",\"@id\":\"https:\\\/\\\/sanjoseabogados.com\\\/eu\\\/#\\\/schema\\\/person\\\/9598f83ebb435fbe592f66dd5d3f7c6d\",\"name\":\"San Jose Abogados\",\"image\":{\"@type\":\"ImageObject\",\"inLanguage\":\"eu-ES\",\"@id\":\"https:\\\/\\\/secure.gravatar.com\\\/avatar\\\/426c26975de8e4468f967881881cf37d598c65f2818563162b0fada43d69a5fc?s=96&d=mm&r=g\",\"url\":\"https:\\\/\\\/secure.gravatar.com\\\/avatar\\\/426c26975de8e4468f967881881cf37d598c65f2818563162b0fada43d69a5fc?s=96&d=mm&r=g\",\"contentUrl\":\"https:\\\/\\\/secure.gravatar.com\\\/avatar\\\/426c26975de8e4468f967881881cf37d598c65f2818563162b0fada43d69a5fc?s=96&d=mm&r=g\",\"caption\":\"San Jose Abogados\"},\"url\":\"https:\\\/\\\/sanjoseabogados.com\\\/eu\\\/author\\\/san-jose-abogados\\\/\"}]}<\/script>\n<!-- \/ Yoast SEO plugin. -->","yoast_head_json":{"title":"Deudas con la Seguridad Social y responsabilidad de administradores - Despacho Abogados San Jose","robots":{"index":"index","follow":"follow","max-snippet":"max-snippet:-1","max-image-preview":"max-image-preview:large","max-video-preview":"max-video-preview:-1"},"canonical":"https:\/\/sanjoseabogados.com\/eu\/deudas-con-la-seguridad-social-y-responsabilidad-de-administradores\/","og_locale":"eu_ES","og_type":"article","og_title":"Deudas con la Seguridad Social y responsabilidad de administradores - Despacho Abogados San Jose","og_description":"Independientemente de las atribuciones que los estatutos de la sociedad confieran al cargo de administrador, \u00e9ste debe cumplir una serie de deberes que son inherentes a su cargo.","og_url":"https:\/\/sanjoseabogados.com\/eu\/deudas-con-la-seguridad-social-y-responsabilidad-de-administradores\/","og_site_name":"Despacho Abogados San Jose","article_published_time":"2011-12-08T09:29:21+00:00","og_image":[{"url":"https:\/\/label-design.es\/sanjose\/wp-content\/uploads\/2012\/01\/Responsabilidad-administradores-150x150.jpg","type":"","width":"","height":""}],"author":"San Jose Abogados","twitter_card":"summary_large_image","twitter_misc":{"Written by":"San Jose Abogados","Est. reading time":"1 minute"},"schema":{"@context":"https:\/\/schema.org","@graph":[{"@type":"Article","@id":"https:\/\/sanjoseabogados.com\/eu\/deudas-con-la-seguridad-social-y-responsabilidad-de-administradores\/#article","isPartOf":{"@id":"https:\/\/sanjoseabogados.com\/eu\/deudas-con-la-seguridad-social-y-responsabilidad-de-administradores\/"},"author":{"name":"San Jose Abogados","@id":"https:\/\/sanjoseabogados.com\/eu\/#\/schema\/person\/9598f83ebb435fbe592f66dd5d3f7c6d"},"headline":"Deudas con la Seguridad Social y responsabilidad de administradores","datePublished":"2011-12-08T09:29:21+00:00","mainEntityOfPage":{"@id":"https:\/\/sanjoseabogados.com\/eu\/deudas-con-la-seguridad-social-y-responsabilidad-de-administradores\/"},"wordCount":163,"image":{"@id":"https:\/\/sanjoseabogados.com\/eu\/deudas-con-la-seguridad-social-y-responsabilidad-de-administradores\/#primaryimage"},"thumbnailUrl":"https:\/\/label-design.es\/sanjose\/wp-content\/uploads\/2012\/01\/Responsabilidad-administradores-150x150.jpg","keywords":["administrador","responsabilidad","Seguridad Social"],"articleSection":["6. Publicaciones","Art\u00edculos"],"inLanguage":"eu-ES"},{"@type":"WebPage","@id":"https:\/\/sanjoseabogados.com\/eu\/deudas-con-la-seguridad-social-y-responsabilidad-de-administradores\/","url":"https:\/\/sanjoseabogados.com\/eu\/deudas-con-la-seguridad-social-y-responsabilidad-de-administradores\/","name":"Deudas con la Seguridad Social y responsabilidad de administradores - Despacho Abogados San Jose","isPartOf":{"@id":"https:\/\/sanjoseabogados.com\/eu\/#website"},"primaryImageOfPage":{"@id":"https:\/\/sanjoseabogados.com\/eu\/deudas-con-la-seguridad-social-y-responsabilidad-de-administradores\/#primaryimage"},"image":{"@id":"https:\/\/sanjoseabogados.com\/eu\/deudas-con-la-seguridad-social-y-responsabilidad-de-administradores\/#primaryimage"},"thumbnailUrl":"https:\/\/label-design.es\/sanjose\/wp-content\/uploads\/2012\/01\/Responsabilidad-administradores-150x150.jpg","datePublished":"2011-12-08T09:29:21+00:00","author":{"@id":"https:\/\/sanjoseabogados.com\/eu\/#\/schema\/person\/9598f83ebb435fbe592f66dd5d3f7c6d"},"breadcrumb":{"@id":"https:\/\/sanjoseabogados.com\/eu\/deudas-con-la-seguridad-social-y-responsabilidad-de-administradores\/#breadcrumb"},"inLanguage":"eu-ES","potentialAction":[{"@type":"ReadAction","target":["https:\/\/sanjoseabogados.com\/eu\/deudas-con-la-seguridad-social-y-responsabilidad-de-administradores\/"]}]},{"@type":"ImageObject","inLanguage":"eu-ES","@id":"https:\/\/sanjoseabogados.com\/eu\/deudas-con-la-seguridad-social-y-responsabilidad-de-administradores\/#primaryimage","url":"https:\/\/label-design.es\/sanjose\/wp-content\/uploads\/2012\/01\/Responsabilidad-administradores-150x150.jpg","contentUrl":"https:\/\/label-design.es\/sanjose\/wp-content\/uploads\/2012\/01\/Responsabilidad-administradores-150x150.jpg"},{"@type":"BreadcrumbList","@id":"https:\/\/sanjoseabogados.com\/eu\/deudas-con-la-seguridad-social-y-responsabilidad-de-administradores\/#breadcrumb","itemListElement":[{"@type":"ListItem","position":1,"name":"Portada","item":"https:\/\/sanjoseabogados.com\/eu\/"},{"@type":"ListItem","position":2,"name":"Deudas con la Seguridad Social y responsabilidad de administradores"}]},{"@type":"WebSite","@id":"https:\/\/sanjoseabogados.com\/eu\/#website","url":"https:\/\/sanjoseabogados.com\/eu\/","name":"Despacho Abogados San Jose","description":"Despacho abogados en Bilbao","potentialAction":[{"@type":"SearchAction","target":{"@type":"EntryPoint","urlTemplate":"https:\/\/sanjoseabogados.com\/eu\/?s={search_term_string}"},"query-input":{"@type":"PropertyValueSpecification","valueRequired":true,"valueName":"search_term_string"}}],"inLanguage":"eu-ES"},{"@type":"Person","@id":"https:\/\/sanjoseabogados.com\/eu\/#\/schema\/person\/9598f83ebb435fbe592f66dd5d3f7c6d","name":"San Jose Abogados","image":{"@type":"ImageObject","inLanguage":"eu-ES","@id":"https:\/\/secure.gravatar.com\/avatar\/426c26975de8e4468f967881881cf37d598c65f2818563162b0fada43d69a5fc?s=96&d=mm&r=g","url":"https:\/\/secure.gravatar.com\/avatar\/426c26975de8e4468f967881881cf37d598c65f2818563162b0fada43d69a5fc?s=96&d=mm&r=g","contentUrl":"https:\/\/secure.gravatar.com\/avatar\/426c26975de8e4468f967881881cf37d598c65f2818563162b0fada43d69a5fc?s=96&d=mm&r=g","caption":"San Jose Abogados"},"url":"https:\/\/sanjoseabogados.com\/eu\/author\/san-jose-abogados\/"}]}},"_links":{"self":[{"href":"https:\/\/sanjoseabogados.com\/eu\/wp-json\/wp\/v2\/posts\/6016","targetHints":{"allow":["GET"]}}],"collection":[{"href":"https:\/\/sanjoseabogados.com\/eu\/wp-json\/wp\/v2\/posts"}],"about":[{"href":"https:\/\/sanjoseabogados.com\/eu\/wp-json\/wp\/v2\/types\/post"}],"author":[{"embeddable":true,"href":"https:\/\/sanjoseabogados.com\/eu\/wp-json\/wp\/v2\/users\/1"}],"replies":[{"embeddable":true,"href":"https:\/\/sanjoseabogados.com\/eu\/wp-json\/wp\/v2\/comments?post=6016"}],"version-history":[{"count":0,"href":"https:\/\/sanjoseabogados.com\/eu\/wp-json\/wp\/v2\/posts\/6016\/revisions"}],"wp:attachment":[{"href":"https:\/\/sanjoseabogados.com\/eu\/wp-json\/wp\/v2\/media?parent=6016"}],"wp:term":[{"taxonomy":"category","embeddable":true,"href":"https:\/\/sanjoseabogados.com\/eu\/wp-json\/wp\/v2\/categories?post=6016"},{"taxonomy":"post_tag","embeddable":true,"href":"https:\/\/sanjoseabogados.com\/eu\/wp-json\/wp\/v2\/tags?post=6016"}],"curies":[{"name":"wp","href":"https:\/\/api.w.org\/{rel}","templated":true}]}}